{"id":776,"date":"2025-05-06T11:14:02","date_gmt":"2025-05-06T09:14:02","guid":{"rendered":"https:\/\/lainedebordeaux.fr\/?p=776"},"modified":"2025-05-06T11:14:32","modified_gmt":"2025-05-06T09:14:32","slug":"filons-lavenir-de-la-laine-locale","status":"publish","type":"post","link":"https:\/\/lainedebordeaux.fr\/index.php\/2025\/05\/06\/filons-lavenir-de-la-laine-locale\/","title":{"rendered":"Filons l\u2019avenir de la laine locale !"},"content":{"rendered":"\t\t<div data-elementor-type=\"wp-post\" data-elementor-id=\"776\" class=\"elementor elementor-776\">\n\t\t\t\t<div class=\"elementor-element elementor-element-db17926 e-flex e-con-boxed e-con e-parent\" data-id=\"db17926\" data-element_type=\"container\" data-e-type=\"container\">\n\t\t\t\t\t<div class=\"e-con-inner\">\n\t\t\t\t<div class=\"elementor-element elementor-element-102dbf4 elementor-widget elementor-widget-image\" data-id=\"102dbf4\" data-element_type=\"widget\" data-e-type=\"widget\" data-widget_type=\"image.default\">\n\t\t\t\t<div class=\"elementor-widget-container\">\n\t\t\t\t\t\t\t\t\t\t\t\t\t\t\t<img fetchpriority=\"high\" decoding=\"async\" width=\"768\" height=\"576\" src=\"https:\/\/lainedebordeaux.fr\/wp-content\/uploads\/2025\/05\/IMG_3622-scaled.jpeg\" class=\"attachment-medium_large size-medium_large wp-image-785\" alt=\"portrait de brebis landaise \u00e0 Bassens\" srcset=\"https:\/\/lainedebordeaux.fr\/wp-content\/uploads\/2025\/05\/IMG_3622-scaled.jpeg 2560w, https:\/\/lainedebordeaux.fr\/wp-content\/uploads\/2025\/05\/IMG_3622-300x225.jpeg 300w, https:\/\/lainedebordeaux.fr\/wp-content\/uploads\/2025\/05\/IMG_3622-1024x768.jpeg 1024w, https:\/\/lainedebordeaux.fr\/wp-content\/uploads\/2025\/05\/IMG_3622-2000x1500.jpeg 2000w, https:\/\/lainedebordeaux.fr\/wp-content\/uploads\/2025\/05\/IMG_3622-scaled-1536x1152.jpeg 1536w, https:\/\/lainedebordeaux.fr\/wp-content\/uploads\/2025\/05\/IMG_3622-scaled-2048x1536.jpeg 2048w\" sizes=\"100vw\" \/>\t\t\t\t\t\t\t\t\t\t\t\t\t\t\t<\/div>\n\t\t\t\t<\/div>\n\t\t\t\t\t<\/div>\n\t\t\t\t<\/div>\n\t\t<div class=\"elementor-element elementor-element-68ef39f e-flex e-con-boxed e-con e-parent\" data-id=\"68ef39f\" data-element_type=\"container\" data-e-type=\"container\">\n\t\t\t\t\t<div class=\"e-con-inner\">\n\t\t\t\t<div class=\"elementor-element elementor-element-0485227 elementor-widget elementor-widget-text-editor\" data-id=\"0485227\" data-element_type=\"widget\" data-e-type=\"widget\" data-widget_type=\"text-editor.default\">\n\t\t\t\t<div class=\"elementor-widget-container\">\n\t\t\t\t\t\t\t\t\t<p>Laine de Bordeaux, c&rsquo;est un projet ambitieux et visionnaire, qui r\u00e9pond aux d\u00e9fis environnementaux et sociaux de l&rsquo;industrie textile en <strong>cr\u00e9ant une filature locale en Gironde, <\/strong>une alternative circulaire et \u00e9conomique.\u00a0<br \/>En r\u00e9unissant \u00e9leveurs, artisans, designers et acteurs locaux, Laine de Bordeaux aspire \u00e0 transformer la laine tout en respectant l&rsquo;environnement, le bien-\u00eatre animal et les humains.<br \/>Avec votre soutien, ce projet ambitieux pourra initier un r\u00e9seau textile vertueux en Gironde et inspirer d&rsquo;autres r\u00e9gions \u00e0 suivre ce mouvement durable.<\/p>\t\t\t\t\t\t\t\t<\/div>\n\t\t\t\t<\/div>\n\t\t\t\t\t<\/div>\n\t\t\t\t<\/div>\n\t\t<div class=\"elementor-element elementor-element-b5ae212 e-flex e-con-boxed e-con e-parent\" data-id=\"b5ae212\" data-element_type=\"container\" data-e-type=\"container\">\n\t\t\t\t\t<div class=\"e-con-inner\">\n\t\t\t\t<div class=\"elementor-element elementor-element-9dfe6ce elementor-widget elementor-widget-text-editor\" data-id=\"9dfe6ce\" data-element_type=\"widget\" data-e-type=\"widget\" data-widget_type=\"text-editor.default\">\n\t\t\t\t<div class=\"elementor-widget-container\">\n\t\t\t\t\t\t\t\t\t<p><strong>Aujourd\u2019hui 85% des textiles produits sont jet\u00e9s<\/strong> dans des d\u00e9charges \u00e0 ciel ouvert ou br\u00fbl\u00e9s, soit environ 12 millions de Tonnes en 2017 , avec une projection de 93 millions de Tonnes d\u2019ici 2030, ce qui repr\u00e9sente environ 37kg de v\u00eatements jetaient par an en 2017.\u00a0<\/p><p>Globalement,<strong> seul 12% des mat\u00e9riaux utilis\u00e9s<\/strong> pour la confection de v\u00eatements <strong>se verront recycl\u00e9s<\/strong>, car le majorit\u00e9 des v\u00eatements fabriqu\u00e9s sont des m\u00e9langes de fibres synth\u00e9tiques (ex : polyester, acrylic, nylon,..) et de fibres naturels (coton, laine, lin, etc..)<\/p><p><strong>Mon projet a pour but de remplacer les fibres artificielles par 100% de fibres naturelles\u00a0; ce qui cr\u00e9era un cycle de vie complet, o\u00f9 toutes les fibres pourront retourner \u00e0 la terre comme fertilisant.<\/strong><\/p><p>Pour en arriver \u00e0 ce constat, laissez-moi vous expliquer le contexte de la fili\u00e8re laine.<\/p><ol><li>Les 1ere et 2nd Guerre Mondiale ont d\u00e9cim\u00e9 une grande partie des cheptels ovins et donc de la production laini\u00e8re.<\/li><li>Au lendemain de la Guerre, la p\u00e9trochimie a fait son entr\u00e9e pour proposer des fibres artificielles \u00e0 bas co\u00fbt rempla\u00e7ant petit \u00e0 petit les fibres naturelles.<\/li><li>Ce qui a eu pour effet \u00e0 long terme la d\u00e9localisation de l\u2019industrie textile, ne permettant plus de r\u00e9pondre aux besoins locaux.<\/li><\/ol><p>A l\u2019heure des polluants \u00e9ternels, des nanoparticules, des microplastiques, devant cette pollution g\u00e9n\u00e9r\u00e9e par l\u2019utilisation de ses fibres artificielles, ma r\u00e9ponse \u00e0 ce contexte, est la cr\u00e9ation d\u2019une filature locale, afin de cr\u00e9er un cycle de vie complet du v\u00eatement :<\/p><ul><li>La filature locale pourra transformer la laine dans le <strong>respect de l\u2019environnement<\/strong><\/li><li>s\u00e9lectionner les troupeaux respectant le <strong>bien-\u00eatre animal<\/strong><\/li><li><strong>Mettre en relation les diff\u00e9rents acteurs du textile<\/strong> : artisan, designer, \u00e9leveurs, teinturiers, etc&#8230;<\/li><li><strong>R\u00e9aliser des ateliers<\/strong> de sensibilisation sur l&rsquo;environnement en particulier sur le r\u00f4le de l&rsquo;\u00e9cop\u00e2turage, l&rsquo;agropastoralisme et la laine<\/li><\/ul>\t\t\t\t\t\t\t\t<\/div>\n\t\t\t\t<\/div>\n\t\t\t\t\t<\/div>\n\t\t\t\t<\/div>\n\t\t<div class=\"elementor-element elementor-element-9bfa1bb e-flex e-con-boxed e-con e-parent\" data-id=\"9bfa1bb\" data-element_type=\"container\" data-e-type=\"container\">\n\t\t\t\t\t<div class=\"e-con-inner\">\n\t\t\t\t<div class=\"elementor-element elementor-element-bbcb9a1 elementor-widget elementor-widget-image\" data-id=\"bbcb9a1\" data-element_type=\"widget\" data-e-type=\"widget\" data-widget_type=\"image.default\">\n\t\t\t\t<div class=\"elementor-widget-container\">\n\t\t\t\t\t\t\t\t\t\t\t\t\t\t\t<img decoding=\"async\" width=\"934\" height=\"681\" src=\"https:\/\/lainedebordeaux.fr\/wp-content\/uploads\/2025\/05\/soiltosoil.jpg\" class=\"attachment-large size-large wp-image-786\" alt=\"parcours vertueux de la microfilature de la terre \u00e0 la terre\" srcset=\"https:\/\/lainedebordeaux.fr\/wp-content\/uploads\/2025\/05\/soiltosoil.jpg 934w, https:\/\/lainedebordeaux.fr\/wp-content\/uploads\/2025\/05\/soiltosoil-300x219.jpg 300w\" sizes=\"100vw\" \/>\t\t\t\t\t\t\t\t\t\t\t\t\t\t\t<\/div>\n\t\t\t\t<\/div>\n\t\t\t\t\t<\/div>\n\t\t\t\t<\/div>\n\t\t<div class=\"elementor-element elementor-element-66d7280 e-flex e-con-boxed e-con e-parent\" data-id=\"66d7280\" data-element_type=\"container\" data-e-type=\"container\">\n\t\t\t\t\t<div class=\"e-con-inner\">\n\t\t\t\t<div class=\"elementor-element elementor-element-01a9d97 elementor-widget elementor-widget-text-editor\" data-id=\"01a9d97\" data-element_type=\"widget\" data-e-type=\"widget\" data-widget_type=\"text-editor.default\">\n\t\t\t\t<div class=\"elementor-widget-container\">\n\t\t\t\t\t\t\t\t\t<p style=\"text-align: center;\"><strong>Vous avez envie d&rsquo;en savoir plus et de soutenir cette initiative, pour cela rendez-vous sur Miimosa \ud83d\ude42<\/strong><\/p>\t\t\t\t\t\t\t\t<\/div>\n\t\t\t\t<\/div>\n\t\t\t\t\t<\/div>\n\t\t\t\t<\/div>\n\t\t<div class=\"elementor-element elementor-element-934e191 e-flex e-con-boxed e-con e-parent\" data-id=\"934e191\" data-element_type=\"container\" data-e-type=\"container\">\n\t\t\t\t\t<div class=\"e-con-inner\">\n\t\t\t\t<div class=\"elementor-element elementor-element-ce4fd9b elementor-button-info elementor-align-center elementor-widget elementor-widget-button\" data-id=\"ce4fd9b\" data-element_type=\"widget\" data-e-type=\"widget\" data-widget_type=\"button.default\">\n\t\t\t\t<div class=\"elementor-widget-container\">\n\t\t\t\t\t\t\t\t\t<div class=\"elementor-button-wrapper\">\n\t\t\t\t\t<a class=\"elementor-button elementor-button-link elementor-size-sm\" href=\"http:\/\/miimosa.com\/fr\/projects\/filons-l-avenir-de-la-laine-des-brebis-du-patrimoine-local?l=fr%20\" target=\"_blank\">\n\t\t\t\t\t\t<span class=\"elementor-button-content-wrapper\">\n\t\t\t\t\t\t\t\t\t<span class=\"elementor-button-text\">Campagne Miimosa<\/span>\n\t\t\t\t\t<\/span>\n\t\t\t\t\t<\/a>\n\t\t\t\t<\/div>\n\t\t\t\t\t\t\t\t<\/div>\n\t\t\t\t<\/div>\n\t\t\t\t\t<\/div>\n\t\t\t\t<\/div>\n\t\t\t\t<\/div>\n\t\t","protected":false},"excerpt":{"rendered":"<p>Laine de Bordeaux, c&rsquo;est un projet ambitieux et visionnaire, qui r\u00e9pond aux d\u00e9fis environnementaux et sociaux de l&rsquo;industrie textile en cr\u00e9ant une filature locale en Gironde, une alternative circulaire et &hellip; <\/p>\n<p class=\"link-more\"><a href=\"https:\/\/lainedebordeaux.fr\/index.php\/2025\/05\/06\/filons-lavenir-de-la-laine-locale\/\" class=\"more-link\">Lire la suite de<span class=\"screen-reader-text\">\u00ab\u00a0Filons l\u2019avenir de la laine locale !\u00a0\u00bb<\/span><\/a><\/p>\n","protected":false},"author":1,"featured_media":0,"comment_status":"open","ping_status":"open","sticky":false,"template":"","format":"standard","meta":{"footnotes":""},"categories":[1],"tags":[],"class_list":["post-776","post","type-post","status-publish","format-standard","hentry","category-blog"],"_links":{"self":[{"href":"https:\/\/lainedebordeaux.fr\/index.php\/wp-json\/wp\/v2\/posts\/776","targetHints":{"allow":["GET"]}}],"collection":[{"href":"https:\/\/lainedebordeaux.fr\/index.php\/wp-json\/wp\/v2\/posts"}],"about":[{"href":"https:\/\/lainedebordeaux.fr\/index.php\/wp-json\/wp\/v2\/types\/post"}],"author":[{"embeddable":true,"href":"https:\/\/lainedebordeaux.fr\/index.php\/wp-json\/wp\/v2\/users\/1"}],"replies":[{"embeddable":true,"href":"https:\/\/lainedebordeaux.fr\/index.php\/wp-json\/wp\/v2\/comments?post=776"}],"version-history":[{"count":16,"href":"https:\/\/lainedebordeaux.fr\/index.php\/wp-json\/wp\/v2\/posts\/776\/revisions"}],"predecessor-version":[{"id":798,"href":"https:\/\/lainedebordeaux.fr\/index.php\/wp-json\/wp\/v2\/posts\/776\/revisions\/798"}],"wp:attachment":[{"href":"https:\/\/lainedebordeaux.fr\/index.php\/wp-json\/wp\/v2\/media?parent=776"}],"wp:term":[{"taxonomy":"category","embeddable":true,"href":"https:\/\/lainedebordeaux.fr\/index.php\/wp-json\/wp\/v2\/categories?post=776"},{"taxonomy":"post_tag","embeddable":true,"href":"https:\/\/lainedebordeaux.fr\/index.php\/wp-json\/wp\/v2\/tags?post=776"}],"curies":[{"name":"wp","href":"https:\/\/api.w.org\/{rel}","templated":true}]}}