{"id":572,"date":"2024-06-07T19:06:32","date_gmt":"2024-06-07T17:06:32","guid":{"rendered":"https:\/\/lainedebordeaux.fr\/?p=572"},"modified":"2024-06-07T19:18:01","modified_gmt":"2024-06-07T17:18:01","slug":"laine-de-bordeaux-point-sur-le-projet","status":"publish","type":"post","link":"https:\/\/lainedebordeaux.fr\/index.php\/2024\/06\/07\/laine-de-bordeaux-point-sur-le-projet\/","title":{"rendered":"Laine de Bordeaux, point sur le projet"},"content":{"rendered":"\t\t<div data-elementor-type=\"wp-post\" data-elementor-id=\"572\" class=\"elementor elementor-572\">\n\t\t\t\t<div class=\"elementor-element elementor-element-d405e8c e-flex e-con-boxed e-con e-parent\" data-id=\"d405e8c\" data-element_type=\"container\" data-e-type=\"container\">\n\t\t\t\t\t<div class=\"e-con-inner\">\n\t\t\t\t<div class=\"elementor-element elementor-element-d6aa0c7 elementor-widget elementor-widget-text-editor\" data-id=\"d6aa0c7\" data-element_type=\"widget\" data-e-type=\"widget\" data-widget_type=\"text-editor.default\">\n\t\t\t\t<div class=\"elementor-widget-container\">\n\t\t\t\t\t\t\t\t\t<p>Aujourd&rsquo;hui un peu d&rsquo;autobiographie \ud83d\ude01, pour parler du projet Laine De Bordeaux :<\/p><p>Filandi\u00e8re ou fileuse de laine, c&rsquo;est ce que je devenue aujourd&rsquo;hui.<br \/>Mais pourquoi devenir fileuse de laine ?<br \/>Cette activit\u00e9 est n\u00e9e de mon envie de vouloir m&rsquo;engager et pouvoir agir concr\u00e8tement \u00e0 mon niveau pour l&rsquo;environnement et par extension ma sant\u00e9 et ma r\u00e9gion.<\/p><p>Je me consid\u00e8re comme une artisane textile : je couds, je brode, je tricote, je croch\u00e8te, je tisse, en plus de jardiner et bricoler, ce qui fait que je suis toujours \u00e0 court de temps aux vues de la multitude de mes projets \ud83d\ude05<\/p><p>J&rsquo;aime me cr\u00e9er des v\u00eatements, cela prend un peu plus de temps, mais cela me permet de r\u00e9duire ma consommation, de choisir des mati\u00e8res plus saines et d&rsquo;avoir le fit que je veux sur mes v\u00eatements.<\/p><p>C&rsquo;est recherchant de la laine pour un futur projet, que je me suis rendue compte que dans les rayons de mon magasin habituel, que pas une seule pelote de laine n&rsquo;\u00e9tait exempt de mati\u00e8res synth\u00e9tiques (acrylique, nylon, polyester&#8230;) et si elle \u00e9tait 100% laine celle-ci \u00e9tait du m\u00e9rinos trait\u00e9 Superwash (traitement chimique cassant la fibre de la laine et la recouvrant d&rsquo;un polym\u00e8re plastique, permettant son lavage en machine sans feutr\u00e9e)&#8230;Super&#8230;au niveau \u00e9cologique. Le tout vendu a un pris exorbitant alors qu&rsquo;il ne s&rsquo;agit m\u00eame pas de mati\u00e8re 100% naturelle.<\/p>\t\t\t\t\t\t\t\t<\/div>\n\t\t\t\t<\/div>\n\t\t\t\t\t<\/div>\n\t\t\t\t<\/div>\n\t\t<div class=\"elementor-element elementor-element-05e2c5a e-flex e-con-boxed e-con e-parent\" data-id=\"05e2c5a\" data-element_type=\"container\" data-e-type=\"container\">\n\t\t\t\t\t<div class=\"e-con-inner\">\n\t\t\t\t<div class=\"elementor-element elementor-element-c9ab82c elementor-widget elementor-widget-image\" data-id=\"c9ab82c\" data-element_type=\"widget\" data-e-type=\"widget\" data-widget_type=\"image.default\">\n\t\t\t\t<div class=\"elementor-widget-container\">\n\t\t\t\t\t\t\t\t\t\t\t\t\t\t\t<img fetchpriority=\"high\" decoding=\"async\" width=\"739\" height=\"1024\" src=\"https:\/\/lainedebordeaux.fr\/wp-content\/uploads\/2024\/06\/IMG_2895-739x1024.jpg\" class=\"attachment-large size-large wp-image-599\" alt=\"\" srcset=\"https:\/\/lainedebordeaux.fr\/wp-content\/uploads\/2024\/06\/IMG_2895-739x1024.jpg 739w, https:\/\/lainedebordeaux.fr\/wp-content\/uploads\/2024\/06\/IMG_2895-216x300.jpg 216w, https:\/\/lainedebordeaux.fr\/wp-content\/uploads\/2024\/06\/IMG_2895-2000x2772.jpg 2000w, https:\/\/lainedebordeaux.fr\/wp-content\/uploads\/2024\/06\/IMG_2895-scaled-1108x1536.jpg 1108w, https:\/\/lainedebordeaux.fr\/wp-content\/uploads\/2024\/06\/IMG_2895-scaled-1478x2048.jpg 1478w, https:\/\/lainedebordeaux.fr\/wp-content\/uploads\/2024\/06\/IMG_2895-scaled.jpg 1847w\" sizes=\"(max-width: 767px) 89vw, (max-width: 1000px) 54vw, (max-width: 1071px) 543px, 580px\" \/>\t\t\t\t\t\t\t\t\t\t\t\t\t\t\t<\/div>\n\t\t\t\t<\/div>\n\t\t\t\t\t<\/div>\n\t\t\t\t<\/div>\n\t\t<div class=\"elementor-element elementor-element-d6f495a e-flex e-con-boxed e-con e-parent\" data-id=\"d6f495a\" data-element_type=\"container\" data-e-type=\"container\">\n\t\t\t\t\t<div class=\"e-con-inner\">\n\t\t\t\t<div class=\"elementor-element elementor-element-17f2e85 elementor-widget elementor-widget-text-editor\" data-id=\"17f2e85\" data-element_type=\"widget\" data-e-type=\"widget\" data-widget_type=\"text-editor.default\">\n\t\t\t\t<div class=\"elementor-widget-container\">\n\t\t\t\t\t\t\t\t\t<p>Comment rem\u00e9dier \u00e0 ce probl\u00e8me ?<\/p><p>La solution: je me suis dis pourquoi est-ce que je filerai pas mon propre fil ?<br \/>Cette r\u00e9flexion marque le d\u00e9but de ma grande exploration sur la laine :<\/p><ol><li>Trouver une entreprise qui vend de la laine peign\u00e9e \u00e0 filer, qui respecte les normes environnementales et si possible en Europe : \u2705<\/li><li>De longues mois de recherches, pour conna\u00eetre les diff\u00e9rentes cat\u00e9gories de laine, leurs usages, se perfectionner, \u00e9tudier l&rsquo;\u00e9tat de la fili\u00e8re laine : \u2705\u00a0<\/li><li>Germination de l&rsquo;id\u00e9e de micro-filature ; qui aura pour objectif de :<ol><li>D\u00e9velopper une micro-filature locale, avec dans le but de r\u00e9cr\u00e9er un r\u00e9seau local textile \u00e0 l&rsquo;image de l&rsquo;association <a href=\"https:\/\/fibershed.org\/\">Fibershed<\/a><\/li><li>Informer le public et pouvoir leur mettre \u00e0 disposition cette mati\u00e8re, ce fil 100% naturel<\/li><li>Soutenir les \u00e9leveurs et les sensibiliser \u00e0 une d\u00e9marche favorisant le bien-\u00eatre animal et l&rsquo;environnement<\/li><\/ol><\/li><\/ol><p>Actuellement, je me trouve \u00e0 l&rsquo;\u00e9tape 3 de mon projet, o\u00f9 j&rsquo;essaye de mobiliser les infrastructures locales, ce qui n&rsquo;est pas \u00e9vident et tr\u00e8s \u00e9nergivore. Je suis encore dans le montage financier de mon projet.<br \/>Je r\u00e9colte de plus en plus de laine aupr\u00e8s des \u00e9leveurs avec qui j&rsquo;esp\u00e8re pouvoir p\u00e9renniser un partenariat.<\/p><p>Tout cela avance petit \u00e0 petit mais s\u00fbrement. Je vous remercie pour l&rsquo;int\u00e9r\u00eat que vous portez \u00e0 mon projet, j&rsquo;esp\u00e8re pouvoir vous apporter de la belle laine dans un futur proche.<br \/>Je ferai un nouveau bulletin d&rsquo;information pour vous tenir inform\u00e9 du projet.<\/p><p>A bient\u00f4t<\/p>\t\t\t\t\t\t\t\t<\/div>\n\t\t\t\t<\/div>\n\t\t\t\t\t<\/div>\n\t\t\t\t<\/div>\n\t\t<div class=\"elementor-element elementor-element-925b30d e-flex e-con-boxed e-con e-parent\" data-id=\"925b30d\" data-element_type=\"container\" data-e-type=\"container\">\n\t\t\t\t\t<div class=\"e-con-inner\">\n\t\t\t\t<div class=\"elementor-element elementor-element-9dadff2 elementor-widget elementor-widget-image\" data-id=\"9dadff2\" data-element_type=\"widget\" data-e-type=\"widget\" data-widget_type=\"image.default\">\n\t\t\t\t<div class=\"elementor-widget-container\">\n\t\t\t\t\t\t\t\t\t\t\t\t<figure class=\"wp-caption\">\n\t\t\t\t\t\t\t\t\t\t<img decoding=\"async\" width=\"200\" height=\"300\" src=\"https:\/\/lainedebordeaux.fr\/wp-content\/uploads\/2024\/06\/hayley-murray-6Lf1kzL4AfY-unsplash-200x300.jpg\" class=\"attachment-medium size-medium wp-image-592\" alt=\"\" srcset=\"https:\/\/lainedebordeaux.fr\/wp-content\/uploads\/2024\/06\/hayley-murray-6Lf1kzL4AfY-unsplash-200x300.jpg 200w, https:\/\/lainedebordeaux.fr\/wp-content\/uploads\/2024\/06\/hayley-murray-6Lf1kzL4AfY-unsplash-683x1024.jpg 683w, https:\/\/lainedebordeaux.fr\/wp-content\/uploads\/2024\/06\/hayley-murray-6Lf1kzL4AfY-unsplash-2000x3000.jpg 2000w, https:\/\/lainedebordeaux.fr\/wp-content\/uploads\/2024\/06\/hayley-murray-6Lf1kzL4AfY-unsplash-scaled-1024x1536.jpg 1024w, https:\/\/lainedebordeaux.fr\/wp-content\/uploads\/2024\/06\/hayley-murray-6Lf1kzL4AfY-unsplash-scaled-1366x2048.jpg 1366w, https:\/\/lainedebordeaux.fr\/wp-content\/uploads\/2024\/06\/hayley-murray-6Lf1kzL4AfY-unsplash-scaled.jpg 1707w\" sizes=\"(max-width: 767px) 89vw, (max-width: 1000px) 54vw, (max-width: 1071px) 543px, 580px\" \/>\t\t\t\t\t\t\t\t\t\t\t<figcaption class=\"widget-image-caption wp-caption-text\">Cr\u00e9dit Photo : Unsplash Hayley MURRAY<\/figcaption>\n\t\t\t\t\t\t\t\t\t\t<\/figure>\n\t\t\t\t\t\t\t\t\t<\/div>\n\t\t\t\t<\/div>\n\t\t\t\t\t<\/div>\n\t\t\t\t<\/div>\n\t\t\t\t<\/div>\n\t\t","protected":false},"excerpt":{"rendered":"<p>Aujourd&rsquo;hui un peu d&rsquo;autobiographie \ud83d\ude01, pour parler du projet Laine De Bordeaux : Filandi\u00e8re ou fileuse de laine, c&rsquo;est ce que je devenue aujourd&rsquo;hui.Mais pourquoi devenir fileuse de laine ?Cette &hellip; <\/p>\n<p class=\"link-more\"><a href=\"https:\/\/lainedebordeaux.fr\/index.php\/2024\/06\/07\/laine-de-bordeaux-point-sur-le-projet\/\" class=\"more-link\">Lire la suite de<span class=\"screen-reader-text\">\u00ab\u00a0Laine de Bordeaux, point sur le projet\u00a0\u00bb<\/span><\/a><\/p>\n","protected":false},"author":1,"featured_media":0,"comment_status":"open","ping_status":"open","sticky":false,"template":"","format":"standard","meta":{"footnotes":""},"categories":[1],"tags":[],"class_list":["post-572","post","type-post","status-publish","format-standard","hentry","category-blog"],"_links":{"self":[{"href":"https:\/\/lainedebordeaux.fr\/index.php\/wp-json\/wp\/v2\/posts\/572","targetHints":{"allow":["GET"]}}],"collection":[{"href":"https:\/\/lainedebordeaux.fr\/index.php\/wp-json\/wp\/v2\/posts"}],"about":[{"href":"https:\/\/lainedebordeaux.fr\/index.php\/wp-json\/wp\/v2\/types\/post"}],"author":[{"embeddable":true,"href":"https:\/\/lainedebordeaux.fr\/index.php\/wp-json\/wp\/v2\/users\/1"}],"replies":[{"embeddable":true,"href":"https:\/\/lainedebordeaux.fr\/index.php\/wp-json\/wp\/v2\/comments?post=572"}],"version-history":[{"count":28,"href":"https:\/\/lainedebordeaux.fr\/index.php\/wp-json\/wp\/v2\/posts\/572\/revisions"}],"predecessor-version":[{"id":602,"href":"https:\/\/lainedebordeaux.fr\/index.php\/wp-json\/wp\/v2\/posts\/572\/revisions\/602"}],"wp:attachment":[{"href":"https:\/\/lainedebordeaux.fr\/index.php\/wp-json\/wp\/v2\/media?parent=572"}],"wp:term":[{"taxonomy":"category","embeddable":true,"href":"https:\/\/lainedebordeaux.fr\/index.php\/wp-json\/wp\/v2\/categories?post=572"},{"taxonomy":"post_tag","embeddable":true,"href":"https:\/\/lainedebordeaux.fr\/index.php\/wp-json\/wp\/v2\/tags?post=572"}],"curies":[{"name":"wp","href":"https:\/\/api.w.org\/{rel}","templated":true}]}}