{"id":472,"date":"2024-05-31T19:53:03","date_gmt":"2024-05-31T17:53:03","guid":{"rendered":"https:\/\/lainedebordeaux.fr\/?p=472"},"modified":"2024-06-01T20:08:13","modified_gmt":"2024-06-01T18:08:13","slug":"lillusion-du-recyclage-textile","status":"publish","type":"post","link":"https:\/\/lainedebordeaux.fr\/index.php\/2024\/05\/31\/lillusion-du-recyclage-textile\/","title":{"rendered":"L&rsquo;illusion du recyclage textile"},"content":{"rendered":"\t\t<div data-elementor-type=\"wp-post\" data-elementor-id=\"472\" class=\"elementor elementor-472\">\n\t\t\t\t<div class=\"elementor-element elementor-element-90e71d5 e-flex e-con-boxed e-con e-parent\" data-id=\"90e71d5\" data-element_type=\"container\" data-e-type=\"container\">\n\t\t\t\t\t<div class=\"e-con-inner\">\n\t\t\t\t<div class=\"elementor-element elementor-element-e60e32c elementor-widget elementor-widget-text-editor\" data-id=\"e60e32c\" data-element_type=\"widget\" data-e-type=\"widget\" data-widget_type=\"text-editor.default\">\n\t\t\t\t<div class=\"elementor-widget-container\">\n\t\t\t\t\t\t\t\t\t<p><a href=\"https:\/\/www.radiofrance.fr\/franceinfo\/podcasts\/le-billet-sciences\/environnement-quel-est-le-poids-du-textile-et-de-la-fast-fashion-dans-la-pollution-1488441?utm_source=pocket-newtab-fr-fr\" target=\"_blank\" rel=\"noopener\">Article radio France<\/a><\/p>\t\t\t\t\t\t\t\t<\/div>\n\t\t\t\t<\/div>\n\t\t\t\t\t<\/div>\n\t\t\t\t<\/div>\n\t\t<div class=\"elementor-element elementor-element-4184d3a e-flex e-con-boxed e-con e-parent\" data-id=\"4184d3a\" data-element_type=\"container\" data-e-type=\"container\">\n\t\t\t\t\t<div class=\"e-con-inner\">\n\t\t\t\t<div class=\"elementor-element elementor-element-d06c255 elementor-widget elementor-widget-text-editor\" data-id=\"d06c255\" data-element_type=\"widget\" data-e-type=\"widget\" data-widget_type=\"text-editor.default\">\n\t\t\t\t<div class=\"elementor-widget-container\">\n\t\t\t\t\t\t\t\t\t<p>Nous entendons de plus en plus parler des PFAS pr\u00e9sents dans nos v\u00eatements, des d\u00e9rives de la fastfashion, nous faisant prendre conscience de plus en plus de la n\u00e9cessit\u00e9 d&rsquo;adapter nos habitudes vestimentaires et du r\u00f4le que nous jouons dans ce mod\u00e8le de consommation.<\/p>\t\t\t\t\t\t\t\t<\/div>\n\t\t\t\t<\/div>\n\t\t\t\t\t<\/div>\n\t\t\t\t<\/div>\n\t\t<div class=\"elementor-element elementor-element-1f0a673 e-grid e-con-boxed e-con e-parent\" data-id=\"1f0a673\" data-element_type=\"container\" data-e-type=\"container\">\n\t\t\t\t\t<div class=\"e-con-inner\">\n\t\t\t\t<div class=\"elementor-element elementor-element-ca94748 elementor-widget elementor-widget-text-editor\" data-id=\"ca94748\" data-element_type=\"widget\" data-e-type=\"widget\" data-widget_type=\"text-editor.default\">\n\t\t\t\t<div class=\"elementor-widget-container\">\n\t\t\t\t\t\t\t\t\t<p style=\"text-align: left;\">Cependant, le recyclage textile ne date pas d&rsquo;aujourd&rsquo;hui.<\/p><p style=\"text-align: left;\">D\u00e9j\u00e0 en 1838 des proc\u00e9d\u00e9s industriels sont utilis\u00e9s pour recycler des chutes de tissus ou des vieux v\u00eatements afin de recr\u00e9er de la fibre textile, afin d&rsquo;offrir du tissu et des v\u00eatements bon march\u00e9 et donc plus abordable.<\/p><p>Le revers de la m\u00e9daille, ce tissu fabriqu\u00e9 \u00e0 base de fibres recycl\u00e9es, pr\u00e9sentes des fibres plus courtes et moins solides et moins r\u00e9sistantes \u00e0 l&rsquo;abrasion et aux contraintes qu&rsquo;un v\u00eatement peut subir.<br \/>R\u00e9sultat, le v\u00eatement va s&rsquo;abimer plus vite, contraignant au rachat d&rsquo;un nouveau v\u00eatement.<\/p>\t\t\t\t\t\t\t\t<\/div>\n\t\t\t\t<\/div>\n\t\t\t\t<div class=\"elementor-element elementor-element-515f572 elementor-widget elementor-widget-image\" data-id=\"515f572\" data-element_type=\"widget\" data-e-type=\"widget\" data-widget_type=\"image.default\">\n\t\t\t\t<div class=\"elementor-widget-container\">\n\t\t\t\t\t\t\t\t\t\t\t\t\t\t\t\t<a href=\"https:\/\/lainedebordeaux.fr\/wp-content\/uploads\/2024\/05\/industrie_recyclage.jpg\" data-elementor-open-lightbox=\"yes\" data-elementor-lightbox-title=\"industrie_recyclage\" data-elementor-lightbox-description=\"pr\u00e9misse du recyclage textile \" data-e-action-hash=\"#elementor-action%3Aaction%3Dlightbox%26settings%3DeyJpZCI6NTM5LCJ1cmwiOiJodHRwczpcL1wvbGFpbmVkZWJvcmRlYXV4LmZyXC93cC1jb250ZW50XC91cGxvYWRzXC8yMDI0XC8wNVwvaW5kdXN0cmllX3JlY3ljbGFnZS5qcGcifQ%3D%3D\">\n\t\t\t\t\t\t\t<img fetchpriority=\"high\" decoding=\"async\" width=\"474\" height=\"348\" src=\"https:\/\/lainedebordeaux.fr\/wp-content\/uploads\/2024\/05\/industrie_recyclage.jpg\" class=\"attachment-large size-large wp-image-539\" alt=\"\" srcset=\"https:\/\/lainedebordeaux.fr\/wp-content\/uploads\/2024\/05\/industrie_recyclage.jpg 474w, https:\/\/lainedebordeaux.fr\/wp-content\/uploads\/2024\/05\/industrie_recyclage-300x220.jpg 300w\" sizes=\"100vw\" \/>\t\t\t\t\t\t\t\t<\/a>\n\t\t\t\t\t\t\t\t\t\t\t\t\t\t\t<\/div>\n\t\t\t\t<\/div>\n\t\t\t\t\t<\/div>\n\t\t\t\t<\/div>\n\t\t<div class=\"elementor-element elementor-element-f28d67d e-flex e-con-boxed e-con e-parent\" data-id=\"f28d67d\" data-element_type=\"container\" data-e-type=\"container\">\n\t\t\t\t\t<div class=\"e-con-inner\">\n\t\t\t\t<div class=\"elementor-element elementor-element-b85e2bb elementor-widget elementor-widget-text-editor\" data-id=\"b85e2bb\" data-element_type=\"widget\" data-e-type=\"widget\" data-widget_type=\"text-editor.default\">\n\t\t\t\t<div class=\"elementor-widget-container\">\n\t\t\t\t\t\t\t\t\t<p>On pourrait se dire que depuis 1838, les techniques ont \u00e9volu\u00e9s, mais la structure d&rsquo;un fil reste la m\u00eame. Le seul moyen de renforc\u00e9 un fil recycl\u00e9 et d&rsquo;y ajouter de la fibre neuve, qui a une structure longue servant de support \u00e0 la fibre recycl\u00e9e.<\/p><p>A cela s&rsquo;est ajout\u00e9 l&rsquo;arriv\u00e9e des fibres synth\u00e9tiques, tel que le polyester.<br \/>La fastfashion met en avant ses v\u00eatements en fibre de polyester recycl\u00e9 issu des bouteilles en plastiques ou encore des d\u00e9chets issus de l&rsquo;oc\u00e9an ; ce que la fastfashion oublie\u00a0 de pr\u00e9ciser c&rsquo;est que le recyclage des fibres de polyester ne peut se faire qu&rsquo;une seule fois.<\/p><p>Au final, votre v\u00eatement aura emprunt\u00e9 juste un d\u00e9tour avant de rejoindre l&rsquo;incin\u00e9rateur ou la d\u00e9charge et aura entretemps relarguer des microsplastiques.<\/p><p>Actuellement, seulement 12% des mat\u00e9riaux mis en \u0153uvre pour faire un v\u00eatement sont recycl\u00e9s. les m\u00e9langes de fibres naturelles (coton, lin, etc.) et de fibre synth\u00e9tiques (polyester) rendent le recyclage difficile, n\u00e9cessitant l&rsquo;intervention de proc\u00e9d\u00e9s chimiques pour s\u00e9parer les fibres.<\/p>\t\t\t\t\t\t\t\t<\/div>\n\t\t\t\t<\/div>\n\t\t\t\t\t<\/div>\n\t\t\t\t<\/div>\n\t\t<div class=\"elementor-element elementor-element-d9f465e e-flex e-con-boxed e-con e-parent\" data-id=\"d9f465e\" data-element_type=\"container\" data-e-type=\"container\">\n\t\t\t\t\t<div class=\"e-con-inner\">\n\t\t\t\t<div class=\"elementor-element elementor-element-1c26511 elementor-widget elementor-widget-image\" data-id=\"1c26511\" data-element_type=\"widget\" data-e-type=\"widget\" data-widget_type=\"image.default\">\n\t\t\t\t<div class=\"elementor-widget-container\">\n\t\t\t\t\t\t\t\t\t\t\t\t<figure class=\"wp-caption\">\n\t\t\t\t\t\t\t\t\t\t\t<a href=\"https:\/\/lainedebordeaux.fr\/wp-content\/uploads\/2024\/05\/decharge-vetement.png\" data-elementor-open-lightbox=\"yes\" data-elementor-lightbox-title=\"decharge vetement\" data-e-action-hash=\"#elementor-action%3Aaction%3Dlightbox%26settings%3DeyJpZCI6NTQzLCJ1cmwiOiJodHRwczpcL1wvbGFpbmVkZWJvcmRlYXV4LmZyXC93cC1jb250ZW50XC91cGxvYWRzXC8yMDI0XC8wNVwvZGVjaGFyZ2UtdmV0ZW1lbnQucG5nIn0%3D\">\n\t\t\t\t\t\t\t<img decoding=\"async\" width=\"400\" height=\"538\" src=\"https:\/\/lainedebordeaux.fr\/wp-content\/uploads\/2024\/05\/decharge-vetement.png\" class=\"attachment-large size-large wp-image-543\" alt=\"\" srcset=\"https:\/\/lainedebordeaux.fr\/wp-content\/uploads\/2024\/05\/decharge-vetement.png 400w, https:\/\/lainedebordeaux.fr\/wp-content\/uploads\/2024\/05\/decharge-vetement-223x300.png 223w\" sizes=\"100vw\" \/>\t\t\t\t\t\t\t\t<\/a>\n\t\t\t\t\t\t\t\t\t\t\t<figcaption class=\"widget-image-caption wp-caption-text\">Cr\u00e9dit photo : Andrej Li\u0161akov<\/figcaption>\n\t\t\t\t\t\t\t\t\t\t<\/figure>\n\t\t\t\t\t\t\t\t\t<\/div>\n\t\t\t\t<\/div>\n\t\t\t\t\t<\/div>\n\t\t\t\t<\/div>\n\t\t<div class=\"elementor-element elementor-element-e1e59dd e-flex e-con-boxed e-con e-parent\" data-id=\"e1e59dd\" data-element_type=\"container\" data-e-type=\"container\">\n\t\t\t\t\t<div class=\"e-con-inner\">\n\t\t\t\t<div class=\"elementor-element elementor-element-c08fa75 elementor-widget elementor-widget-text-editor\" data-id=\"c08fa75\" data-element_type=\"widget\" data-e-type=\"widget\" data-widget_type=\"text-editor.default\">\n\t\t\t\t<div class=\"elementor-widget-container\">\n\t\t\t\t\t\t\t\t\t<p>Que nous reste-t-il comme solution, si nous voulons agir ?<\/p><p>Aujourd&rsquo;hui, les sites de revente en ligne ou les friperies connaissent un regain, en proposant des v\u00eatements de secondes mains \u00e0 des prix abordables, \u00e0 une volont\u00e9 d&rsquo;agir environnementale.<\/p><p>Mais, car malheureusement il y a un mais, les boutiques de secondes mains n&rsquo;arrivent pas \u00e0 absorber les dons de v\u00eatements ou encore les invendus de magasin et tout le monde n&rsquo;a pas forc\u00e9ment le temps de prendre le temps en boutique.<\/p><p style=\"text-align: center;\"><span style=\"text-decoration: underline;\">Nous pouvons agir en r\u00e9alisant ces trois actions :<\/span><\/p><p style=\"text-align: center;\"><strong>R\u00e9duire<\/strong>, <strong>R\u00e9utiliser<\/strong> et enfin <strong>Recycler<\/strong><\/p><p style=\"text-align: left;\">Pour compl\u00e9ter ces actions privil\u00e9gier des v\u00eatements en fibres naturelles (coton, lin, laine&#8230;), qui sont des mati\u00e8res biod\u00e9gradables et compostables.<\/p><p>Si vous le pouvez cr\u00e9er vos v\u00eatements, cela sera l&rsquo;occasion de d\u00e9couvrir un nouveau loisir ou passion, tel que la couture, le tricot, le crochet, fa\u00eete partie de la slowfashion en plus d&rsquo;avoir la satisfaction d&rsquo;avoir cr\u00e9er votre v\u00eatement.<\/p>\t\t\t\t\t\t\t\t<\/div>\n\t\t\t\t<\/div>\n\t\t\t\t\t<\/div>\n\t\t\t\t<\/div>\n\t\t<div class=\"elementor-element elementor-element-0fe4bbd e-flex e-con-boxed e-con e-parent\" data-id=\"0fe4bbd\" data-element_type=\"container\" data-e-type=\"container\">\n\t\t\t\t\t<div class=\"e-con-inner\">\n\t\t\t\t<div class=\"elementor-element elementor-element-a037a9c elementor-widget elementor-widget-text-editor\" data-id=\"a037a9c\" data-element_type=\"widget\" data-e-type=\"widget\" data-widget_type=\"text-editor.default\">\n\t\t\t\t<div class=\"elementor-widget-container\">\n\t\t\t\t\t\t\t\t\t<p>Si vous\u00a0 souhaitez aller plus loin, voici les sources contenant une information d\u00e9taill\u00e9e sur le recyclage des v\u00eatements :<\/p><p><a href=\"https:\/\/www.radiofrance.fr\/franceinfo\/podcasts\/le-billet-sciences\/environnement-quel-est-le-poids-du-textile-et-de-la-fast-fashion-dans-la-pollution-1488441?utm_source=pocket-newtab-fr-fr\" target=\"_blank\" rel=\"noopener\">Article Radio France<\/a><\/p><p><a href=\"https:\/\/www.bbc.com\/future\/article\/20200710-why-clothes-are-so-hard-to-recycle\" target=\"_blank\" rel=\"noopener\">Article BBC : pourquoi les v\u00eatements sont si dures \u00e0 recycler (en anglais)<\/a><\/p><p><a href=\"https:\/\/www.theguardian.com\/world\/2015\/jul\/06\/second-hand-clothing-donations-kenya\" target=\"_blank\" rel=\"noopener\">Article The Guardian Comment les v\u00eatements de secondes mains cr\u00e9\u00e9s un dilemme au Kenya (en anglais)<\/a><\/p><p><a href=\"https:\/\/www.greenamerica.org\/unraveling-fashion-industry\/what-really-happens-unwanted-clothes\" target=\"_blank\" rel=\"noopener\">Qu&rsquo;arrive-t-il vraiment aux v\u00eatements ? (en anglais)<\/a><\/p>\t\t\t\t\t\t\t\t<\/div>\n\t\t\t\t<\/div>\n\t\t\t\t\t<\/div>\n\t\t\t\t<\/div>\n\t\t\t\t<\/div>\n\t\t","protected":false},"excerpt":{"rendered":"<p>Article radio France Nous entendons de plus en plus parler des PFAS pr\u00e9sents dans nos v\u00eatements, des d\u00e9rives de la fastfashion, nous faisant prendre conscience de plus en plus de &hellip; <\/p>\n<p class=\"link-more\"><a href=\"https:\/\/lainedebordeaux.fr\/index.php\/2024\/05\/31\/lillusion-du-recyclage-textile\/\" class=\"more-link\">Lire la suite de<span class=\"screen-reader-text\">\u00ab\u00a0L&rsquo;illusion du recyclage textile\u00a0\u00bb<\/span><\/a><\/p>\n","protected":false},"author":1,"featured_media":571,"comment_status":"open","ping_status":"open","sticky":false,"template":"","format":"standard","meta":{"footnotes":""},"categories":[1],"tags":[],"class_list":["post-472","post","type-post","status-publish","format-standard","has-post-thumbnail","hentry","category-blog"],"_links":{"self":[{"href":"https:\/\/lainedebordeaux.fr\/index.php\/wp-json\/wp\/v2\/posts\/472","targetHints":{"allow":["GET"]}}],"collection":[{"href":"https:\/\/lainedebordeaux.fr\/index.php\/wp-json\/wp\/v2\/posts"}],"about":[{"href":"https:\/\/lainedebordeaux.fr\/index.php\/wp-json\/wp\/v2\/types\/post"}],"author":[{"embeddable":true,"href":"https:\/\/lainedebordeaux.fr\/index.php\/wp-json\/wp\/v2\/users\/1"}],"replies":[{"embeddable":true,"href":"https:\/\/lainedebordeaux.fr\/index.php\/wp-json\/wp\/v2\/comments?post=472"}],"version-history":[{"count":34,"href":"https:\/\/lainedebordeaux.fr\/index.php\/wp-json\/wp\/v2\/posts\/472\/revisions"}],"predecessor-version":[{"id":570,"href":"https:\/\/lainedebordeaux.fr\/index.php\/wp-json\/wp\/v2\/posts\/472\/revisions\/570"}],"wp:featuredmedia":[{"embeddable":true,"href":"https:\/\/lainedebordeaux.fr\/index.php\/wp-json\/wp\/v2\/media\/571"}],"wp:attachment":[{"href":"https:\/\/lainedebordeaux.fr\/index.php\/wp-json\/wp\/v2\/media?parent=472"}],"wp:term":[{"taxonomy":"category","embeddable":true,"href":"https:\/\/lainedebordeaux.fr\/index.php\/wp-json\/wp\/v2\/categories?post=472"},{"taxonomy":"post_tag","embeddable":true,"href":"https:\/\/lainedebordeaux.fr\/index.php\/wp-json\/wp\/v2\/tags?post=472"}],"curies":[{"name":"wp","href":"https:\/\/api.w.org\/{rel}","templated":true}]}}