{"id":363,"date":"2024-03-28T11:19:57","date_gmt":"2024-03-28T10:19:57","guid":{"rendered":"https:\/\/lainedebordeaux.fr\/?p=363"},"modified":"2024-03-29T11:24:27","modified_gmt":"2024-03-29T10:24:27","slug":"portrait-de-bergere","status":"publish","type":"post","link":"https:\/\/lainedebordeaux.fr\/index.php\/2024\/03\/28\/portrait-de-bergere\/","title":{"rendered":"Portrait de berg\u00e8re"},"content":{"rendered":"\t\t<div data-elementor-type=\"wp-post\" data-elementor-id=\"363\" class=\"elementor elementor-363\">\n\t\t\t\t<div class=\"elementor-element elementor-element-5d1cc17 e-flex e-con-boxed e-con e-parent\" data-id=\"5d1cc17\" data-element_type=\"container\" data-e-type=\"container\">\n\t\t\t\t\t<div class=\"e-con-inner\">\n\t\t\t\t<div class=\"elementor-element elementor-element-9c42095 elementor-widget elementor-widget-text-editor\" data-id=\"9c42095\" data-element_type=\"widget\" data-e-type=\"widget\" data-widget_type=\"text-editor.default\">\n\t\t\t\t<div class=\"elementor-widget-container\">\n\t\t\t\t\t\t\t\t\t<p>Souvent dans l&rsquo;imaginaire collectif, un berger ou une berg\u00e8re est quelqu&rsquo;un qui vit en ermite dans la montagne avec ses brebis dans une cahute ou une personne avec des dreadlocks dans le plateau du Larzac&#8230;<br \/>Je n&rsquo;ai rien contre le Larzac et les dreadlocks, mais je trouvais important de vous faire d\u00e9couvrir qu&rsquo;\u00eatre berger\/\u00e8re, c&rsquo;est heureusement bien plus que des st\u00e9r\u00e9otypes et des pr\u00e9jug\u00e9s !<\/p><p>Je vous propose de rencontrer Marianne, berg\u00e8re, au Ch\u00e2teau Malartic-Lagravi\u00e8re \u00e0 L\u00e9ognan.<\/p><p>Eh oui! une des sp\u00e9cificit\u00e9s de la r\u00e9gion et le d\u00e9veloppement du p\u00e2turage dans les vignes.<\/p>\t\t\t\t\t\t\t\t<\/div>\n\t\t\t\t<\/div>\n\t\t\t\t<div class=\"elementor-element elementor-element-7b980c0 elementor-widget elementor-widget-video\" data-id=\"7b980c0\" data-element_type=\"widget\" data-e-type=\"widget\" data-settings=\"{&quot;youtube_url&quot;:&quot;https:\\\/\\\/youtu.be\\\/iVhKCYffANk?feature=shared&quot;,&quot;video_type&quot;:&quot;youtube&quot;,&quot;controls&quot;:&quot;yes&quot;}\" data-widget_type=\"video.default\">\n\t\t\t\t<div class=\"elementor-widget-container\">\n\t\t\t\t\t\t\t<div class=\"elementor-wrapper elementor-open-inline\">\n\t\t\t<div class=\"elementor-video\"><\/div>\t\t<\/div>\n\t\t\t\t\t\t<\/div>\n\t\t\t\t<\/div>\n\t\t\t\t\t<\/div>\n\t\t\t\t<\/div>\n\t\t<div class=\"elementor-element elementor-element-7dde15c e-flex e-con-boxed e-con e-parent\" data-id=\"7dde15c\" data-element_type=\"container\" data-e-type=\"container\">\n\t\t\t\t\t<div class=\"e-con-inner\">\n\t\t\t\t<div class=\"elementor-element elementor-element-7dbc114 elementor-widget elementor-widget-text-editor\" data-id=\"7dbc114\" data-element_type=\"widget\" data-e-type=\"widget\" data-widget_type=\"text-editor.default\">\n\t\t\t\t<div class=\"elementor-widget-container\">\n\t\t\t\t\t\t\t\t\t<p>Apr\u00e8s un BTS ACSE (Analyse, conduite et strat\u00e9gie de l\u2019entreprise agricole), puis un certificat de sp\u00e9cialisation Ovin Lait, Marianne a travaill\u00e9 pendant 5 ans sur l&rsquo;exploitation\u00a0 familiale en brebis laiti\u00e8res, pour Soci\u00e9t\u00e9 Roquefort.<br \/>Elle a d\u00e9couvert \u00e9galement la pratique en estive en Corse pendant plus d&rsquo;1 an, avant de revenir sur le continent.<\/p><p>Apr\u00e8s plusieurs autres exp\u00e9riences professionnelles, elle rencontre les g\u00e9rants du Ch\u00e2teau Malartic-Lagravi\u00e8re, qui ont un projet d&rsquo;agro\u00e9cologie et d&rsquo;\u00e9co-pastoralisme des vignes. La petite taille des brebis landaises est parfaite pour se faufiler entre les vignes, sans les endommager.<br \/>C&rsquo;est l\u00e0 que Marianne se familiarise avec ces fameuses brebis. Elle me confie que ses brebis lui r\u00e9apprennent son savoir de berg\u00e8re. <br \/>En effet, de part leurs caract\u00e9ristiques et leur rusticit\u00e9 les soins prodigu\u00e9s aux brebis landaises sont diff\u00e9rents. <br \/>Elles peuvent par exemple pass\u00e9es toute l&rsquo;ann\u00e9e en ext\u00e9rieur, contrairement \u00e0 beaucoup de brebis laiti\u00e8res, qui sont rentr\u00e9es en bergerie vers la fin de l&rsquo;automne jusqu&rsquo;au d\u00e9but du printemps.<br \/>Pendant la p\u00e9riode d&rsquo;agnelage, elles ont besoin de peu d&rsquo;assistance, m\u00eame si elle reste toujours vigilante pour que tout se passe bien. Ces brebis sont r\u00e9sistantes \u00e0 beaucoup de parasites et maladies, ce qui n&#8217;emp\u00eache pas Marianne de veiller sur la bonne sant\u00e9 de ses prot\u00e9g\u00e9es.<\/p>\t\t\t\t\t\t\t\t<\/div>\n\t\t\t\t<\/div>\n\t\t\t\t\t<\/div>\n\t\t\t\t<\/div>\n\t\t<div class=\"elementor-element elementor-element-e912f61 e-flex e-con-boxed e-con e-parent\" data-id=\"e912f61\" data-element_type=\"container\" data-e-type=\"container\">\n\t\t\t\t\t<div class=\"e-con-inner\">\n\t\t\t\t<div class=\"elementor-element elementor-element-5eefb9a elementor-widget elementor-widget-image\" data-id=\"5eefb9a\" data-element_type=\"widget\" data-e-type=\"widget\" data-widget_type=\"image.default\">\n\t\t\t\t<div class=\"elementor-widget-container\">\n\t\t\t\t\t\t\t\t\t\t\t\t<figure class=\"wp-caption\">\n\t\t\t\t\t\t\t\t\t\t\t<a href=\"https:\/\/lainedebordeaux.fr\/wp-content\/uploads\/2024\/02\/marianne_chateau_malartic.jpg\" data-elementor-open-lightbox=\"yes\" data-elementor-lightbox-title=\"Marianne veillant sur ses brebis\" data-e-action-hash=\"#elementor-action%3Aaction%3Dlightbox%26settings%3DeyJpZCI6NDgzLCJ1cmwiOiJodHRwczpcL1wvbGFpbmVkZWJvcmRlYXV4LmZyXC93cC1jb250ZW50XC91cGxvYWRzXC8yMDI0XC8wMlwvbWFyaWFubmVfY2hhdGVhdV9tYWxhcnRpYy5qcGcifQ%3D%3D\">\n\t\t\t\t\t\t\t<img fetchpriority=\"high\" decoding=\"async\" width=\"950\" height=\"651\" src=\"https:\/\/lainedebordeaux.fr\/wp-content\/uploads\/2024\/02\/marianne_chateau_malartic-1024x702.jpg\" class=\"attachment-large size-large wp-image-483\" alt=\"\" srcset=\"https:\/\/lainedebordeaux.fr\/wp-content\/uploads\/2024\/02\/marianne_chateau_malartic-1024x702.jpg 1024w, https:\/\/lainedebordeaux.fr\/wp-content\/uploads\/2024\/02\/marianne_chateau_malartic-300x206.jpg 300w, https:\/\/lainedebordeaux.fr\/wp-content\/uploads\/2024\/02\/marianne_chateau_malartic-1536x1053.jpg 1536w, https:\/\/lainedebordeaux.fr\/wp-content\/uploads\/2024\/02\/marianne_chateau_malartic.jpg 1772w\" sizes=\"100vw\" \/>\t\t\t\t\t\t\t\t<\/a>\n\t\t\t\t\t\t\t\t\t\t\t<figcaption class=\"widget-image-caption wp-caption-text\">Cr\u00e9dit photo : Ch\u00e2teau Malartic-Lagravi\u00e8re<\/figcaption>\n\t\t\t\t\t\t\t\t\t\t<\/figure>\n\t\t\t\t\t\t\t\t\t<\/div>\n\t\t\t\t<\/div>\n\t\t\t\t\t<\/div>\n\t\t\t\t<\/div>\n\t\t<div class=\"elementor-element elementor-element-7b40809 e-flex e-con-boxed e-con e-parent\" data-id=\"7b40809\" data-element_type=\"container\" data-e-type=\"container\">\n\t\t\t\t\t<div class=\"e-con-inner\">\n\t\t\t\t<div class=\"elementor-element elementor-element-12d935e elementor-widget elementor-widget-text-editor\" data-id=\"12d935e\" data-element_type=\"widget\" data-e-type=\"widget\" data-widget_type=\"text-editor.default\">\n\t\t\t\t<div class=\"elementor-widget-container\">\n\t\t\t\t\t\t\t\t\t<p>Marianne a plus d&rsquo;une corde \u00e0 son arc, en effet son autre passion : le cheval.<br \/>Elle prodigue \u00e9galement ses soins aux chevaux du domaine, deux percherons, avec lesquels elle effectue le labour des vignes.<br \/>C&rsquo;est aussi une fileuse et une tricoteuse pendant son temps libre. Nous avons pu \u00e9chang\u00e9 sur la qualit\u00e9 de la laine de ses brebis, que j&rsquo;ai pu test\u00e9. Des \u00e9cheveaux sont en pr\u00e9paration pour la remercier.<\/p>\t\t\t\t\t\t\t\t<\/div>\n\t\t\t\t<\/div>\n\t\t\t\t\t<\/div>\n\t\t\t\t<\/div>\n\t\t<div class=\"elementor-element elementor-element-67fdb7b e-flex e-con-boxed e-con e-parent\" data-id=\"67fdb7b\" data-element_type=\"container\" data-e-type=\"container\">\n\t\t\t\t\t<div class=\"e-con-inner\">\n\t\t\t\t<div class=\"elementor-element elementor-element-f06b604 elementor-widget elementor-widget-wpzoom-elementor-addons-carousel\" data-id=\"f06b604\" data-element_type=\"widget\" data-e-type=\"widget\" data-settings=\"{&quot;animation_speed&quot;:300,&quot;autoplay&quot;:&quot;yes&quot;,&quot;autoplay_speed&quot;:3000,&quot;loop&quot;:&quot;yes&quot;,&quot;navigation&quot;:&quot;arrow&quot;,&quot;slides_to_show&quot;:4,&quot;slides_to_show_tablet&quot;:3,&quot;slides_to_show_mobile&quot;:2}\" data-widget_type=\"wpzoom-elementor-addons-carousel.default\">\n\t\t\t\t<div class=\"elementor-widget-container\">\n\t\t\t\t\t<div class=\"wpzjs-slick wpz-slick wpz-slick--carousel\">\n\n\t\t\t\n\t\t\t\t<div class=\"wpz-slick-slide\">\n\t\t\t\t\t<div class=\"wpz-slick-item\">\n\t\t\t\t\t\t\t\t\t\t\t\t\t<img decoding=\"async\" class=\"wpz-slick-img\" src=\"https:\/\/lainedebordeaux.fr\/wp-content\/uploads\/2024\/03\/IMG_02741.jpg\" alt=\"\">\n\t\t\t\t\t\t\n\t\t\t\t\t\t\t\t\t\t\t<\/div>\n\t\t\t\t<\/div>\n\n\t\t\t\n\t\t\t\t<div class=\"wpz-slick-slide\">\n\t\t\t\t\t<div class=\"wpz-slick-item\">\n\t\t\t\t\t\t\t\t\t\t\t\t\t<img decoding=\"async\" class=\"wpz-slick-img\" src=\"https:\/\/lainedebordeaux.fr\/wp-content\/uploads\/2024\/03\/IMG_46331.jpg\" alt=\"\">\n\t\t\t\t\t\t\n\t\t\t\t\t\t\t\t\t\t\t<\/div>\n\t\t\t\t<\/div>\n\n\t\t\t\n\t\t\t\t<div class=\"wpz-slick-slide\">\n\t\t\t\t\t<div class=\"wpz-slick-item\">\n\t\t\t\t\t\t\t\t\t\t\t\t\t<img decoding=\"async\" class=\"wpz-slick-img\" src=\"https:\/\/lainedebordeaux.fr\/wp-content\/uploads\/2024\/03\/3bf55589-1.jpg\" alt=\"\">\n\t\t\t\t\t\t\n\t\t\t\t\t\t\t\t\t\t\t<\/div>\n\t\t\t\t<\/div>\n\n\t\t\t\n\t\t\t\t<div class=\"wpz-slick-slide\">\n\t\t\t\t\t<div class=\"wpz-slick-item\">\n\t\t\t\t\t\t\t\t\t\t\t\t\t<img decoding=\"async\" class=\"wpz-slick-img\" src=\"https:\/\/lainedebordeaux.fr\/wp-content\/uploads\/2024\/03\/IMG_08841.jpg\" alt=\"\">\n\t\t\t\t\t\t\n\t\t\t\t\t\t\t\t\t\t\t<\/div>\n\t\t\t\t<\/div>\n\n\t\t\t\n\t\t\t\t<div class=\"wpz-slick-slide\">\n\t\t\t\t\t<div class=\"wpz-slick-item\">\n\t\t\t\t\t\t\t\t\t\t\t\t\t<img decoding=\"async\" class=\"wpz-slick-img\" src=\"https:\/\/lainedebordeaux.fr\/wp-content\/uploads\/2024\/03\/IMG_02721.jpg\" alt=\"\">\n\t\t\t\t\t\t\n\t\t\t\t\t\t\t\t\t\t\t<\/div>\n\t\t\t\t<\/div>\n\n\t\t\t\n\t\t\t\t<div class=\"wpz-slick-slide\">\n\t\t\t\t\t<div class=\"wpz-slick-item\">\n\t\t\t\t\t\t\t\t\t\t\t\t\t<img decoding=\"async\" class=\"wpz-slick-img\" src=\"https:\/\/lainedebordeaux.fr\/wp-content\/uploads\/2024\/03\/IMG_39721.jpg\" alt=\"\">\n\t\t\t\t\t\t\n\t\t\t\t\t\t\t\t\t\t\t<\/div>\n\t\t\t\t<\/div>\n\n\t\t\t\n\t\t<\/div>\n\n\t\t\t\t\t<button type=\"button\" class=\"slick-prev\"><i aria-hidden=\"true\" class=\"fas fa-chevron-left\"><\/i><\/button>\n\t\t\n\t\t\t\t\t<button type=\"button\" class=\"slick-next\"><i aria-hidden=\"true\" class=\"fas fa-chevron-right\"><\/i><\/button>\n\t\t\n\t\t\t\t\t\t<\/div>\n\t\t\t\t<\/div>\n\t\t\t\t\t<\/div>\n\t\t\t\t<\/div>\n\t\t<div class=\"elementor-element elementor-element-91eac68 e-flex e-con-boxed e-con e-parent\" data-id=\"91eac68\" data-element_type=\"container\" data-e-type=\"container\">\n\t\t\t\t\t<div class=\"e-con-inner\">\n\t\t\t\t<div class=\"elementor-element elementor-element-a1380d7 elementor-widget elementor-widget-text-editor\" data-id=\"a1380d7\" data-element_type=\"widget\" data-e-type=\"widget\" data-widget_type=\"text-editor.default\">\n\t\t\t\t<div class=\"elementor-widget-container\">\n\t\t\t\t\t\t\t\t\t<p>Le m\u00e9tier de berg\u00e8re \/ berger est ancien et moderne \u00e0 la fois. En effet, le changement climatique impose des pratiques de cultures plus respectueuses de l&rsquo;environnement et plus viables \u00e0 long terme. Aujourd&rsquo;hui, le bien -\u00eatre animal, le soutien \u00e0 la biodiversit\u00e9, l&rsquo;enrichissement des sols sont des \u00e9l\u00e9ments indissociables de l&rsquo;\u00e9levage en extensif des brebis.<\/p><p>A l&rsquo;occasion de la F\u00eate de la Nature le 22 mai et le 25 mai prochain \u00e0 L\u00e9ognan, je vous invite \u00e0 faire un petit d\u00e9tour pour y rencontrer Marianne et ses brebis.<\/p>\t\t\t\t\t\t\t\t<\/div>\n\t\t\t\t<\/div>\n\t\t\t\t\t<\/div>\n\t\t\t\t<\/div>\n\t\t<div class=\"elementor-element elementor-element-917706b e-flex e-con-boxed e-con e-parent\" data-id=\"917706b\" data-element_type=\"container\" data-e-type=\"container\">\n\t\t\t\t\t<div class=\"e-con-inner\">\n\t\t\t\t<div class=\"elementor-element elementor-element-d5fbe59 elementor-widget elementor-widget-image\" data-id=\"d5fbe59\" data-element_type=\"widget\" data-e-type=\"widget\" data-widget_type=\"image.default\">\n\t\t\t\t<div class=\"elementor-widget-container\">\n\t\t\t\t\t\t\t\t\t\t\t\t<figure class=\"wp-caption\">\n\t\t\t\t\t\t\t\t\t\t\t<a href=\"https:\/\/lainedebordeaux.fr\/wp-content\/uploads\/2024\/02\/cheval_marianne.jpg\" data-elementor-open-lightbox=\"yes\" data-elementor-lightbox-title=\"pr\u00e9paration au labour\" data-e-action-hash=\"#elementor-action%3Aaction%3Dlightbox%26settings%3DeyJpZCI6NDg0LCJ1cmwiOiJodHRwczpcL1wvbGFpbmVkZWJvcmRlYXV4LmZyXC93cC1jb250ZW50XC91cGxvYWRzXC8yMDI0XC8wMlwvY2hldmFsX21hcmlhbm5lLmpwZyJ9\">\n\t\t\t\t\t\t\t<img decoding=\"async\" width=\"682\" height=\"1024\" src=\"https:\/\/lainedebordeaux.fr\/wp-content\/uploads\/2024\/02\/cheval_marianne-682x1024.jpg\" class=\"attachment-large size-large wp-image-484\" alt=\"\" srcset=\"https:\/\/lainedebordeaux.fr\/wp-content\/uploads\/2024\/02\/cheval_marianne-682x1024.jpg 682w, https:\/\/lainedebordeaux.fr\/wp-content\/uploads\/2024\/02\/cheval_marianne-200x300.jpg 200w, https:\/\/lainedebordeaux.fr\/wp-content\/uploads\/2024\/02\/cheval_marianne-1024x1536.jpg 1024w, https:\/\/lainedebordeaux.fr\/wp-content\/uploads\/2024\/02\/cheval_marianne.jpg 1181w\" sizes=\"100vw\" \/>\t\t\t\t\t\t\t\t<\/a>\n\t\t\t\t\t\t\t\t\t\t\t<figcaption class=\"widget-image-caption wp-caption-text\">Cr\u00e9dit Photo : Ch\u00e2teau Malartic-Lagravi\u00e8re<\/figcaption>\n\t\t\t\t\t\t\t\t\t\t<\/figure>\n\t\t\t\t\t\t\t\t\t<\/div>\n\t\t\t\t<\/div>\n\t\t\t\t\t<\/div>\n\t\t\t\t<\/div>\n\t\t\t\t<\/div>\n\t\t","protected":false},"excerpt":{"rendered":"<p>Souvent dans l&rsquo;imaginaire collectif, un berger ou une berg\u00e8re est quelqu&rsquo;un qui vit en ermite dans la montagne avec ses brebis dans une cahute ou une personne avec des dreadlocks &hellip; <\/p>\n<p class=\"link-more\"><a href=\"https:\/\/lainedebordeaux.fr\/index.php\/2024\/03\/28\/portrait-de-bergere\/\" class=\"more-link\">Lire la suite de<span class=\"screen-reader-text\">\u00ab\u00a0Portrait de berg\u00e8re\u00a0\u00bb<\/span><\/a><\/p>\n","protected":false},"author":1,"featured_media":484,"comment_status":"open","ping_status":"open","sticky":false,"template":"","format":"standard","meta":{"footnotes":""},"categories":[1],"tags":[],"class_list":["post-363","post","type-post","status-publish","format-standard","has-post-thumbnail","hentry","category-blog"],"_links":{"self":[{"href":"https:\/\/lainedebordeaux.fr\/index.php\/wp-json\/wp\/v2\/posts\/363","targetHints":{"allow":["GET"]}}],"collection":[{"href":"https:\/\/lainedebordeaux.fr\/index.php\/wp-json\/wp\/v2\/posts"}],"about":[{"href":"https:\/\/lainedebordeaux.fr\/index.php\/wp-json\/wp\/v2\/types\/post"}],"author":[{"embeddable":true,"href":"https:\/\/lainedebordeaux.fr\/index.php\/wp-json\/wp\/v2\/users\/1"}],"replies":[{"embeddable":true,"href":"https:\/\/lainedebordeaux.fr\/index.php\/wp-json\/wp\/v2\/comments?post=363"}],"version-history":[{"count":61,"href":"https:\/\/lainedebordeaux.fr\/index.php\/wp-json\/wp\/v2\/posts\/363\/revisions"}],"predecessor-version":[{"id":537,"href":"https:\/\/lainedebordeaux.fr\/index.php\/wp-json\/wp\/v2\/posts\/363\/revisions\/537"}],"wp:featuredmedia":[{"embeddable":true,"href":"https:\/\/lainedebordeaux.fr\/index.php\/wp-json\/wp\/v2\/media\/484"}],"wp:attachment":[{"href":"https:\/\/lainedebordeaux.fr\/index.php\/wp-json\/wp\/v2\/media?parent=363"}],"wp:term":[{"taxonomy":"category","embeddable":true,"href":"https:\/\/lainedebordeaux.fr\/index.php\/wp-json\/wp\/v2\/categories?post=363"},{"taxonomy":"post_tag","embeddable":true,"href":"https:\/\/lainedebordeaux.fr\/index.php\/wp-json\/wp\/v2\/tags?post=363"}],"curies":[{"name":"wp","href":"https:\/\/api.w.org\/{rel}","templated":true}]}}