{"id":309,"date":"2024-02-13T12:16:02","date_gmt":"2024-02-13T11:16:02","guid":{"rendered":"https:\/\/lainedebordeaux.fr\/?p=309"},"modified":"2024-03-03T14:43:00","modified_gmt":"2024-03-03T13:43:00","slug":"initiatives-locales-pour-redynamiser-la-laine","status":"publish","type":"post","link":"https:\/\/lainedebordeaux.fr\/index.php\/2024\/02\/13\/initiatives-locales-pour-redynamiser-la-laine\/","title":{"rendered":"Initiatives locales pour redynamiser la laine"},"content":{"rendered":"\t\t<div data-elementor-type=\"wp-post\" data-elementor-id=\"309\" class=\"elementor elementor-309\">\n\t\t\t\t<div class=\"elementor-element elementor-element-fc38578 e-flex e-con-boxed e-con e-parent\" data-id=\"fc38578\" data-element_type=\"container\" data-e-type=\"container\">\n\t\t\t\t\t<div class=\"e-con-inner\">\n\t\t\t\t<div class=\"elementor-element elementor-element-c63bb10 elementor-widget elementor-widget-text-editor\" data-id=\"c63bb10\" data-element_type=\"widget\" data-e-type=\"widget\" data-widget_type=\"text-editor.default\">\n\t\t\t\t<div class=\"elementor-widget-container\">\n\t\t\t\t\t\t\t\t\t<p>Consommer local s&rsquo;applique \u00e0 bien des domaines, que cela soit par rapport \u00e0 ce que nous mangeons, ce que nous buvons ou encore les fibres qui composent nos v\u00eatements. Quel impact avez-vous quand vous achet\u00e9 de la laine locale ?<\/p><p>Par le simple fait d&rsquo;acheter local, c&rsquo;est les producteurs, \u00e9leveurs de votre d\u00e9partement, r\u00e9gion que vous soutenez. Vous permettez par votre achat \u00e0 maintenir et d\u00e9velopper une \u00e9conomie locale et solidaire.<br \/>Vous agissez en faveur du climat, car vous limitez le transport des biens, favorisez la biodiversit\u00e9 par le maintien des p\u00e2turages. Vous choisissez une ressource renouvelable et locale.<\/p><p>Pour illustrer mon propos, je vais vous parler d&rsquo;initiatives locales et en particulier de l&rsquo;association \u00ab\u00a0La Draille\u00a0\u00bb dans le Lot.<\/p>\t\t\t\t\t\t\t\t<\/div>\n\t\t\t\t<\/div>\n\t\t\t\t\t<\/div>\n\t\t\t\t<\/div>\n\t\t<div class=\"elementor-element elementor-element-f0470d2 e-con-full e-flex e-con e-parent\" data-id=\"f0470d2\" data-element_type=\"container\" data-e-type=\"container\">\n\t\t\t\t<div class=\"elementor-element elementor-element-c261ed3 elementor-widget elementor-widget-image\" data-id=\"c261ed3\" data-element_type=\"widget\" data-e-type=\"widget\" data-widget_type=\"image.default\">\n\t\t\t\t<div class=\"elementor-widget-container\">\n\t\t\t\t\t\t\t\t\t\t\t\t\t\t\t\t<a href=\"https:\/\/lainedebordeaux.fr\/wp-content\/uploads\/2024\/01\/La_Draille.jpg\" data-elementor-open-lightbox=\"yes\" data-elementor-lightbox-title=\"La_Draille\" data-e-action-hash=\"#elementor-action%3Aaction%3Dlightbox%26settings%3DeyJpZCI6MzY4LCJ1cmwiOiJodHRwczpcL1wvbGFpbmVkZWJvcmRlYXV4LmZyXC93cC1jb250ZW50XC91cGxvYWRzXC8yMDI0XC8wMVwvTGFfRHJhaWxsZS5qcGcifQ%3D%3D\">\n\t\t\t\t\t\t\t<img fetchpriority=\"high\" decoding=\"async\" width=\"240\" height=\"300\" src=\"https:\/\/lainedebordeaux.fr\/wp-content\/uploads\/2024\/01\/La_Draille-240x300.jpg\" class=\"attachment-medium size-medium wp-image-368\" alt=\"\" srcset=\"https:\/\/lainedebordeaux.fr\/wp-content\/uploads\/2024\/01\/La_Draille-240x300.jpg 240w, https:\/\/lainedebordeaux.fr\/wp-content\/uploads\/2024\/01\/La_Draille-819x1024.jpg 819w, https:\/\/lainedebordeaux.fr\/wp-content\/uploads\/2024\/01\/La_Draille.jpg 1080w\" sizes=\"100vw\" \/>\t\t\t\t\t\t\t\t<\/a>\n\t\t\t\t\t\t\t\t\t\t\t\t\t\t\t<\/div>\n\t\t\t\t<\/div>\n\t\t\t\t<\/div>\n\t\t<div class=\"elementor-element elementor-element-eda6899 e-flex e-con-boxed e-con e-parent\" data-id=\"eda6899\" data-element_type=\"container\" data-e-type=\"container\">\n\t\t\t\t\t<div class=\"e-con-inner\">\n\t\t\t\t<div class=\"elementor-element elementor-element-69b1e43 elementor-widget elementor-widget-text-editor\" data-id=\"69b1e43\" data-element_type=\"widget\" data-e-type=\"widget\" data-widget_type=\"text-editor.default\">\n\t\t\t\t<div class=\"elementor-widget-container\">\n\t\t\t\t\t\t\t\t\t<p>Devant le constat des laines fran\u00e7aises qui ne sont pas valoris\u00e9es, un groupe d&rsquo;\u00e9leveurs, d&rsquo;artisans, de cr\u00e9ateurs passionn\u00e9s par la laine, ont pris non pas le taureau mais le b\u00e9lier par les cornes, en cr\u00e9ant leur propre collectif et boutique.<br \/>Gr\u00e2ce \u00e0 cette \u00e9nergie commune et la compl\u00e9mentarit\u00e9 de chacun, cela a permis de porter le projet d&rsquo;une boutique autour de la laine du Lot. <a href=\"https:\/\/www.facebook.com\/100030117765248\/videos\/1021104269164658\/\" target=\"_blank\" rel=\"noopener\">(Interview sur RFM de La Draille)<\/a><\/p><p>La boutique est toute jeune (ouverture en novembre 2023), mais elle pr\u00e9sente d\u00e9j\u00e0 un bel assortiment de cr\u00e9ations : pelotes et \u00e9cheveaux de laine aux couleurs naturelles ou teint\u00e9es par teintures v\u00e9g\u00e9tales, des articles en feutre (tour de cou, chapeau, tenture murale, luminaires), tapis, v\u00eatements&#8230;<\/p>\t\t\t\t\t\t\t\t<\/div>\n\t\t\t\t<\/div>\n\t\t\t\t\t<\/div>\n\t\t\t\t<\/div>\n\t\t<div class=\"elementor-element elementor-element-d10fe87 e-flex e-con-boxed e-con e-parent\" data-id=\"d10fe87\" data-element_type=\"container\" data-e-type=\"container\">\n\t\t\t\t\t<div class=\"e-con-inner\">\n\t\t\t\t<div class=\"elementor-element elementor-element-a5cbf80 elementor-widget elementor-widget-image\" data-id=\"a5cbf80\" data-element_type=\"widget\" data-e-type=\"widget\" data-widget_type=\"image.default\">\n\t\t\t\t<div class=\"elementor-widget-container\">\n\t\t\t\t\t\t\t\t\t\t\t\t<figure class=\"wp-caption\">\n\t\t\t\t\t\t\t\t\t\t\t<a href=\"https:\/\/lainedebordeaux.fr\/wp-content\/uploads\/2024\/02\/Interieur_La_draille-scaled.jpg\" data-elementor-open-lightbox=\"yes\" data-elementor-lightbox-title=\"Interieur_La_draille\" data-e-action-hash=\"#elementor-action%3Aaction%3Dlightbox%26settings%3DeyJpZCI6MzcyLCJ1cmwiOiJodHRwczpcL1wvbGFpbmVkZWJvcmRlYXV4LmZyXC93cC1jb250ZW50XC91cGxvYWRzXC8yMDI0XC8wMlwvSW50ZXJpZXVyX0xhX2RyYWlsbGUtc2NhbGVkLmpwZyJ9\">\n\t\t\t\t\t\t\t<img decoding=\"async\" width=\"950\" height=\"434\" src=\"https:\/\/lainedebordeaux.fr\/wp-content\/uploads\/2024\/02\/Interieur_La_draille-1024x468.jpg\" class=\"attachment-large size-large wp-image-372\" alt=\"\" srcset=\"https:\/\/lainedebordeaux.fr\/wp-content\/uploads\/2024\/02\/Interieur_La_draille-1024x468.jpg 1024w, https:\/\/lainedebordeaux.fr\/wp-content\/uploads\/2024\/02\/Interieur_La_draille-300x137.jpg 300w, https:\/\/lainedebordeaux.fr\/wp-content\/uploads\/2024\/02\/Interieur_La_draille-2000x914.jpg 2000w, https:\/\/lainedebordeaux.fr\/wp-content\/uploads\/2024\/02\/Interieur_La_draille-scaled-1536x702.jpg 1536w, https:\/\/lainedebordeaux.fr\/wp-content\/uploads\/2024\/02\/Interieur_La_draille-scaled-2048x936.jpg 2048w\" sizes=\"100vw\" \/>\t\t\t\t\t\t\t\t<\/a>\n\t\t\t\t\t\t\t\t\t\t\t<figcaption class=\"widget-image-caption wp-caption-text\">Int\u00e9rieur de la boutique La Draille<\/figcaption>\n\t\t\t\t\t\t\t\t\t\t<\/figure>\n\t\t\t\t\t\t\t\t\t<\/div>\n\t\t\t\t<\/div>\n\t\t\t\t\t<\/div>\n\t\t\t\t<\/div>\n\t\t<div class=\"elementor-element elementor-element-b82c5b9 e-flex e-con-boxed e-con e-parent\" data-id=\"b82c5b9\" data-element_type=\"container\" data-e-type=\"container\">\n\t\t\t\t\t<div class=\"e-con-inner\">\n\t\t\t\t<div class=\"elementor-element elementor-element-510e277 elementor-widget elementor-widget-text-editor\" data-id=\"510e277\" data-element_type=\"widget\" data-e-type=\"widget\" data-widget_type=\"text-editor.default\">\n\t\t\t\t<div class=\"elementor-widget-container\">\n\t\t\t\t\t\t\t\t\t<p>C&rsquo;est par le biais de ce type d&rsquo;initiative (que je souhaite mettre en place en Gironde) que le secteur de la laine pourra trouver un nouvel essor.<br \/>Il est important de collaborer entre les diff\u00e9rents acteurs de laine, comme entre les diff\u00e9rentes initiatives, afin de pouvoir s&rsquo;entraider et mieux informer le public pour lui faire d\u00e9couvrir la richesse de son territoire.<br \/>Aujourd&rsquo;hui plus que jamais, ceux sont les actions locales qui auront un r\u00e9el impact sur notre quotidien.<\/p><p>En attendant de pouvoir collaborer avec La Draille ou de cr\u00e9er une boutique collective sur Bordeaux, vous retrouver ci-dessous quelques liens \u00e0 visiter concernant La Draille et ses participants :<\/p><p><a href=\"https:\/\/www.facebook.com\/Ladrailleboutique\/?show_switched_toast=0&amp;show_invite_to_follow=0&amp;show_switched_tooltip=0&amp;show_podcast_settings=0&amp;show_community_review_changes=0&amp;show_community_rollback=0&amp;show_follower_visibility_disclosure=0\" target=\"_blank\" rel=\"noopener\">Page Facebook de La Draille<\/a><br \/>O\u00f9 vous pourrez retrouvrer les portraits des diff\u00e9rents \u00e9leveurs et artisans.<br \/><a href=\"https:\/\/lemoutongivre.com\/\" target=\"_blank\" rel=\"noopener\">Le Mouton Givr\u00e9<\/a><br \/>Entreprise pionni\u00e8re dans la cr\u00e9ation de sac isotherme \u00e9cologique, sans plastique et fabriqu\u00e9 en France.<\/p><p>Si vous passez par Figeac, faites un d\u00e9tour par la boutique \ud83d\ude09 :<br \/><span class=\"x193iq5w xeuugli x13faqbe x1vvkbs x1xmvt09 x1lliihq x1s928wv xhkezso x1gmr53x x1cpjm7i x1fgarty x1943h6x x4zkp8e x676frb x1nxh6w3 x1sibtaa xo1l8bm xi81zsa\" dir=\"auto\">4 rue ortabadial 46100 Figeac<\/span><\/p>\t\t\t\t\t\t\t\t<\/div>\n\t\t\t\t<\/div>\n\t\t\t\t\t<\/div>\n\t\t\t\t<\/div>\n\t\t<div class=\"elementor-element elementor-element-e855f2f e-flex e-con-boxed e-con e-parent\" data-id=\"e855f2f\" data-element_type=\"container\" data-e-type=\"container\">\n\t\t\t\t\t<div class=\"e-con-inner\">\n\t\t\t\t<div class=\"elementor-element elementor-element-45367da elementor-widget elementor-widget-google_maps\" data-id=\"45367da\" data-element_type=\"widget\" data-e-type=\"widget\" data-widget_type=\"google_maps.default\">\n\t\t\t\t<div class=\"elementor-widget-container\">\n\t\t\t\t\t\t\t<div class=\"elementor-custom-embed\">\n\t\t\t<iframe loading=\"lazy\"\n\t\t\t\t\tsrc=\"https:\/\/maps.google.com\/maps?q=4%20rue%20ortabadial%2046100%20Figeac&#038;t=m&#038;z=17&#038;output=embed&#038;iwloc=near\"\n\t\t\t\t\ttitle=\"4 rue ortabadial 46100 Figeac\"\n\t\t\t\t\taria-label=\"4 rue ortabadial 46100 Figeac\"\n\t\t\t><\/iframe>\n\t\t<\/div>\n\t\t\t\t\t\t<\/div>\n\t\t\t\t<\/div>\n\t\t\t\t\t<\/div>\n\t\t\t\t<\/div>\n\t\t<div class=\"elementor-element elementor-element-f133376 e-flex e-con-boxed e-con e-parent\" data-id=\"f133376\" data-element_type=\"container\" data-e-type=\"container\">\n\t\t\t\t\t<div class=\"e-con-inner\">\n\t\t\t\t<div class=\"elementor-element elementor-element-29c7a06 elementor-widget elementor-widget-text-editor\" data-id=\"29c7a06\" data-element_type=\"widget\" data-e-type=\"widget\" data-widget_type=\"text-editor.default\">\n\t\t\t\t<div class=\"elementor-widget-container\">\n\t\t\t\t\t\t\t\t\t<p>Ci-dessous de la laine card\u00e9e de brebis Ra\u00efole, qui est \u00e9galement une race de brebis de conservation, dont j&rsquo;ai achet\u00e9e de la laine card\u00e9e pour en tester le filage.<\/p>\t\t\t\t\t\t\t\t<\/div>\n\t\t\t\t<\/div>\n\t\t\t\t\t<\/div>\n\t\t\t\t<\/div>\n\t\t<div class=\"elementor-element elementor-element-0013edf e-flex e-con-boxed e-con e-parent\" data-id=\"0013edf\" data-element_type=\"container\" data-e-type=\"container\">\n\t\t\t\t\t<div class=\"e-con-inner\">\n\t\t\t\t<div class=\"elementor-element elementor-element-f264a1a elementor-widget elementor-widget-image\" data-id=\"f264a1a\" data-element_type=\"widget\" data-e-type=\"widget\" data-widget_type=\"image.default\">\n\t\t\t\t<div class=\"elementor-widget-container\">\n\t\t\t\t\t\t\t\t\t\t\t\t<figure class=\"wp-caption\">\n\t\t\t\t\t\t\t\t\t\t\t<a href=\"https:\/\/lainedebordeaux.fr\/wp-content\/uploads\/2024\/02\/Laine-de-brebis-Raiole-scaled.jpg\" data-elementor-open-lightbox=\"yes\" data-elementor-lightbox-title=\"Laine de brebis Raiole\" data-e-action-hash=\"#elementor-action%3Aaction%3Dlightbox%26settings%3DeyJpZCI6NDA4LCJ1cmwiOiJodHRwczpcL1wvbGFpbmVkZWJvcmRlYXV4LmZyXC93cC1jb250ZW50XC91cGxvYWRzXC8yMDI0XC8wMlwvTGFpbmUtZGUtYnJlYmlzLVJhaW9sZS1zY2FsZWQuanBnIn0%3D\">\n\t\t\t\t\t\t\t<img decoding=\"async\" width=\"768\" height=\"1024\" src=\"https:\/\/lainedebordeaux.fr\/wp-content\/uploads\/2024\/02\/Laine-de-brebis-Raiole-scaled.jpg\" class=\"attachment-medium_large size-medium_large wp-image-408\" alt=\"\" srcset=\"https:\/\/lainedebordeaux.fr\/wp-content\/uploads\/2024\/02\/Laine-de-brebis-Raiole-scaled.jpg 1920w, https:\/\/lainedebordeaux.fr\/wp-content\/uploads\/2024\/02\/Laine-de-brebis-Raiole-225x300.jpg 225w, https:\/\/lainedebordeaux.fr\/wp-content\/uploads\/2024\/02\/Laine-de-brebis-Raiole-768x1024.jpg 768w, https:\/\/lainedebordeaux.fr\/wp-content\/uploads\/2024\/02\/Laine-de-brebis-Raiole-2000x2667.jpg 2000w, https:\/\/lainedebordeaux.fr\/wp-content\/uploads\/2024\/02\/Laine-de-brebis-Raiole-scaled-1152x1536.jpg 1152w, https:\/\/lainedebordeaux.fr\/wp-content\/uploads\/2024\/02\/Laine-de-brebis-Raiole-scaled-1536x2048.jpg 1536w\" sizes=\"100vw\" \/>\t\t\t\t\t\t\t\t<\/a>\n\t\t\t\t\t\t\t\t\t\t\t<figcaption class=\"widget-image-caption wp-caption-text\">Laine card\u00e9e marbr\u00e9e de brebis Ra\u00efole<\/figcaption>\n\t\t\t\t\t\t\t\t\t\t<\/figure>\n\t\t\t\t\t\t\t\t\t<\/div>\n\t\t\t\t<\/div>\n\t\t\t\t\t<\/div>\n\t\t\t\t<\/div>\n\t\t<div class=\"elementor-element elementor-element-f1f6336 e-flex e-con-boxed e-con e-parent\" data-id=\"f1f6336\" data-element_type=\"container\" data-e-type=\"container\">\n\t\t\t\t\t<div class=\"e-con-inner\">\n\t\t\t\t<div class=\"elementor-element elementor-element-76a2ba8 elementor-widget elementor-widget-text-editor\" data-id=\"76a2ba8\" data-element_type=\"widget\" data-e-type=\"widget\" data-widget_type=\"text-editor.default\">\n\t\t\t\t<div class=\"elementor-widget-container\">\n\t\t\t\t\t\t\t\t\t<p>La Draille est un exemple d&rsquo;initiative local et fran\u00e7ais, mais d&rsquo;autres initiatives peuvent servir d&rsquo;exemple, comme <a href=\"https:\/\/fibershed.org\/\" target=\"_blank\" rel=\"noopener\">Fibershed<\/a>.<\/p><p>Fibershed est une structure qui a su f\u00e9d\u00e9rer au niveau local, les diff\u00e9rents acteurs de la laine et de fibres v\u00e9g\u00e9tales locales (\u00e9leveurs, artisans, teinturiers, micro-manufactures, mara\u00eechers en plantes tinctoriales, etc&#8230;) en leur apportant un support par diff\u00e9rentes actions, dont voici quelques exemples :<\/p><ul><li>programmes d&rsquo;enrichissement des sols favorisant la biodiversit\u00e9, par exemple par l&rsquo;\u00e9copat\u00fbrage dans les vignes (voir <a href=\"https:\/\/lainedebordeaux.fr\/index.php\/2023\/11\/18\/rencontre-avec-les-eleveurs-de-brebis-landaises\/\" target=\"_blank\" rel=\"noopener\">article sur les \u00e9leveurs de brebis landaises<\/a>)<\/li><li>organisation d&rsquo;\u00e9v\u00e8nements de type festival de la laine ou d&rsquo;exposition avec comme th\u00e9matique : de la ferme au dressing<\/li><\/ul><p>Pour \u00eatre efficace Fibershed travaille sur 3 axes principaux, qui sont les \u00e9l\u00e9ments fondateurs d&rsquo;une transition vers une consommation locale, solidaire et \u00e9cologique :<\/p><ul><li>d\u00e9veloppement d&rsquo;une \u00e9conomie textile r\u00e9gionale<\/li><li>d\u00e9veloppement d&rsquo;une agriculture favorable \u00e0 l&rsquo;environnement<\/li><li>un programme d&rsquo;\u00e9ducation et de sensibilisation sur l&rsquo;impact de nos v\u00eatements, sur une \u00e9conomie textile vertueuse locale et de saison<\/li><\/ul><p>Pour conclure, les outils, les exp\u00e9riences inspirantes sont l\u00e0. Les mentalit\u00e9s s&rsquo;\u00e9veillent, prennent conscience et changent.<br \/>Il ne reste plus qu&rsquo;\u00e0 r\u00e9veiller les volont\u00e9s locales de Gironde, car la mienne est d\u00e9j\u00e0 bien r\u00e9veill\u00e9e ;p<\/p><p>Vous pouvez me rejoindre dans cette aventure en discutant de ce sujet autour de vous, en consommant local, en venant me rencontrer pour \u00e9changer.<\/p><p>Je vous dis \u00e0 bient\u00f4t pour la suite des aventures.<\/p>\t\t\t\t\t\t\t\t<\/div>\n\t\t\t\t<\/div>\n\t\t\t\t\t<\/div>\n\t\t\t\t<\/div>\n\t\t<div class=\"elementor-element elementor-element-43c1455 e-flex e-con-boxed e-con e-parent\" data-id=\"43c1455\" data-element_type=\"container\" data-e-type=\"container\">\n\t\t\t\t\t<div class=\"e-con-inner\">\n\t\t\t\t<div class=\"elementor-element elementor-element-101379f elementor-widget elementor-widget-text-editor\" data-id=\"101379f\" data-element_type=\"widget\" data-e-type=\"widget\" data-widget_type=\"text-editor.default\">\n\t\t\t\t<div class=\"elementor-widget-container\">\n\t\t\t\t\t\t\t\t\t<p><em>Article mis \u00e0 jour le 27\/02\/2024<\/em><\/p>\t\t\t\t\t\t\t\t<\/div>\n\t\t\t\t<\/div>\n\t\t\t\t\t<\/div>\n\t\t\t\t<\/div>\n\t\t\t\t<\/div>\n\t\t","protected":false},"excerpt":{"rendered":"<p>Consommer local s&rsquo;applique \u00e0 bien des domaines, que cela soit par rapport \u00e0 ce que nous mangeons, ce que nous buvons ou encore les fibres qui composent nos v\u00eatements. Quel &hellip; <\/p>\n<p class=\"link-more\"><a href=\"https:\/\/lainedebordeaux.fr\/index.php\/2024\/02\/13\/initiatives-locales-pour-redynamiser-la-laine\/\" class=\"more-link\">Lire la suite de<span class=\"screen-reader-text\">\u00ab\u00a0Initiatives locales pour redynamiser la laine\u00a0\u00bb<\/span><\/a><\/p>\n","protected":false},"author":1,"featured_media":368,"comment_status":"open","ping_status":"open","sticky":false,"template":"","format":"standard","meta":{"footnotes":""},"categories":[1],"tags":[],"class_list":["post-309","post","type-post","status-publish","format-standard","has-post-thumbnail","hentry","category-blog"],"_links":{"self":[{"href":"https:\/\/lainedebordeaux.fr\/index.php\/wp-json\/wp\/v2\/posts\/309","targetHints":{"allow":["GET"]}}],"collection":[{"href":"https:\/\/lainedebordeaux.fr\/index.php\/wp-json\/wp\/v2\/posts"}],"about":[{"href":"https:\/\/lainedebordeaux.fr\/index.php\/wp-json\/wp\/v2\/types\/post"}],"author":[{"embeddable":true,"href":"https:\/\/lainedebordeaux.fr\/index.php\/wp-json\/wp\/v2\/users\/1"}],"replies":[{"embeddable":true,"href":"https:\/\/lainedebordeaux.fr\/index.php\/wp-json\/wp\/v2\/comments?post=309"}],"version-history":[{"count":52,"href":"https:\/\/lainedebordeaux.fr\/index.php\/wp-json\/wp\/v2\/posts\/309\/revisions"}],"predecessor-version":[{"id":454,"href":"https:\/\/lainedebordeaux.fr\/index.php\/wp-json\/wp\/v2\/posts\/309\/revisions\/454"}],"wp:featuredmedia":[{"embeddable":true,"href":"https:\/\/lainedebordeaux.fr\/index.php\/wp-json\/wp\/v2\/media\/368"}],"wp:attachment":[{"href":"https:\/\/lainedebordeaux.fr\/index.php\/wp-json\/wp\/v2\/media?parent=309"}],"wp:term":[{"taxonomy":"category","embeddable":true,"href":"https:\/\/lainedebordeaux.fr\/index.php\/wp-json\/wp\/v2\/categories?post=309"},{"taxonomy":"post_tag","embeddable":true,"href":"https:\/\/lainedebordeaux.fr\/index.php\/wp-json\/wp\/v2\/tags?post=309"}],"curies":[{"name":"wp","href":"https:\/\/api.w.org\/{rel}","templated":true}]}}