{"id":291,"date":"2024-01-09T11:40:01","date_gmt":"2024-01-09T10:40:01","guid":{"rendered":"https:\/\/lainedebordeaux.fr\/?p=291"},"modified":"2024-10-25T10:40:22","modified_gmt":"2024-10-25T08:40:22","slug":"brebis-du-medoc","status":"publish","type":"post","link":"https:\/\/lainedebordeaux.fr\/index.php\/2024\/01\/09\/brebis-du-medoc\/","title":{"rendered":"Brebis du M\u00e9doc"},"content":{"rendered":"\t\t<div data-elementor-type=\"wp-post\" data-elementor-id=\"291\" class=\"elementor elementor-291\">\n\t\t\t\t<div class=\"elementor-element elementor-element-d0137d8 e-flex e-con-boxed e-con e-parent\" data-id=\"d0137d8\" data-element_type=\"container\" data-e-type=\"container\">\n\t\t\t\t\t<div class=\"e-con-inner\">\n\t\t\t\t<div class=\"elementor-element elementor-element-1d2e01c elementor-widget elementor-widget-text-editor\" data-id=\"1d2e01c\" data-element_type=\"widget\" data-e-type=\"widget\" data-widget_type=\"text-editor.default\">\n\t\t\t\t<div class=\"elementor-widget-container\">\n\t\t\t\t\t\t\t\t\t<p>Cette fois-ci, nous sommes all\u00e9s rencontrer des \u00e9leveurs proches de Bordeaux, plus pr\u00e9cis\u00e9ment dans le M\u00e9doc.<\/p>\t\t\t\t\t\t\t\t<\/div>\n\t\t\t\t<\/div>\n\t\t\t\t\t<\/div>\n\t\t\t\t<\/div>\n\t\t<div class=\"elementor-element elementor-element-2ff1f15 e-flex e-con-boxed e-con e-parent\" data-id=\"2ff1f15\" data-element_type=\"container\" data-e-type=\"container\">\n\t\t\t\t\t<div class=\"e-con-inner\">\n\t\t\t\t<div class=\"elementor-element elementor-element-c7d4b98 elementor-widget elementor-widget-image\" data-id=\"c7d4b98\" data-element_type=\"widget\" data-e-type=\"widget\" data-widget_type=\"image.default\">\n\t\t\t\t<div class=\"elementor-widget-container\">\n\t\t\t\t\t\t\t\t\t\t\t\t<figure class=\"wp-caption\">\n\t\t\t\t\t\t\t\t\t\t\t<a href=\"http:\/\/medoc-tourisme.com\/fr\/\" target=\"_blank\">\n\t\t\t\t\t\t\t<img fetchpriority=\"high\" decoding=\"async\" width=\"950\" height=\"475\" src=\"https:\/\/lainedebordeaux.fr\/wp-content\/uploads\/2024\/01\/carte_medoc-1024x512.png\" class=\"attachment-large size-large wp-image-311\" alt=\"\" srcset=\"https:\/\/lainedebordeaux.fr\/wp-content\/uploads\/2024\/01\/carte_medoc-1024x512.png 1024w, https:\/\/lainedebordeaux.fr\/wp-content\/uploads\/2024\/01\/carte_medoc-300x150.png 300w, https:\/\/lainedebordeaux.fr\/wp-content\/uploads\/2024\/01\/carte_medoc.png 1195w\" sizes=\"100vw\" \/>\t\t\t\t\t\t\t\t<\/a>\n\t\t\t\t\t\t\t\t\t\t\t<figcaption class=\"widget-image-caption wp-caption-text\">Carte du M\u00e9doc (cr\u00e9dit photo M\u00e9doc tourisme)<\/figcaption>\n\t\t\t\t\t\t\t\t\t\t<\/figure>\n\t\t\t\t\t\t\t\t\t<\/div>\n\t\t\t\t<\/div>\n\t\t\t\t\t<\/div>\n\t\t\t\t<\/div>\n\t\t<div class=\"elementor-element elementor-element-b40ed62 e-flex e-con-boxed e-con e-parent\" data-id=\"b40ed62\" data-element_type=\"container\" data-e-type=\"container\">\n\t\t\t\t\t<div class=\"e-con-inner\">\n\t\t\t\t<div class=\"elementor-element elementor-element-f6dd60e elementor-widget elementor-widget-text-editor\" data-id=\"f6dd60e\" data-element_type=\"widget\" data-e-type=\"widget\" data-widget_type=\"text-editor.default\">\n\t\t\t\t<div class=\"elementor-widget-container\">\n\t\t\t\t\t\t\t\t\t<p>En commen\u00e7ant par la pointe du M\u00e9doc, \u00e0 Saint-Vivien-de-M\u00e9doc, o\u00f9 un \u00e9leveur a fait le choix de la biodiversit\u00e9, en pratiquant la non s\u00e9lection dans son troupeau.<br \/>On y retrouve un croisement de brebis de race Ile de France, Ouessant, Southdown, etc&#8230;<br \/>Ce brassage nous permet de retrouver une grande vari\u00e9t\u00e9 dans les toisons, dont certaines avec une certaine finesse du fait de l&rsquo;apport de races descendantes du M\u00e9rinos. <br \/>Ce choix a \u00e9t\u00e9 d\u00e9cid\u00e9 pour renforcer la g\u00e9n\u00e9tique de son troupeau qui passe l&rsquo;ann\u00e9e enti\u00e8re en ext\u00e9rieur, afin qu&rsquo;il soit r\u00e9sistant. La vocation premi\u00e8re de celui-ci \u00e9tant l&rsquo;entretien des marais ostr\u00e9icoles.<br \/>Gr\u00e2ce \u00e0 son troupeau, il assure ainsi un entretien annuel de ces immenses polders, tout en am\u00e9liorant la qualit\u00e9 des sols. L&rsquo;unique entretien m\u00e9canique consistant aux zones de refus (zones que les brebis ne p\u00e2turent pas, comme les ronces).<\/p>\t\t\t\t\t\t\t\t<\/div>\n\t\t\t\t<\/div>\n\t\t\t\t\t<\/div>\n\t\t\t\t<\/div>\n\t\t<div class=\"elementor-element elementor-element-820ef43 e-flex e-con-boxed e-con e-parent\" data-id=\"820ef43\" data-element_type=\"container\" data-e-type=\"container\">\n\t\t\t\t\t<div class=\"e-con-inner\">\n\t\t\t\t<div class=\"elementor-element elementor-element-93c0452 elementor-widget elementor-widget-image\" data-id=\"93c0452\" data-element_type=\"widget\" data-e-type=\"widget\" data-widget_type=\"image.default\">\n\t\t\t\t<div class=\"elementor-widget-container\">\n\t\t\t\t\t\t\t\t\t\t\t\t<figure class=\"wp-caption\">\n\t\t\t\t\t\t\t\t\t\t\t<a href=\"https:\/\/www.medoc-atlantique.co.uk\/wp-content\/uploads\/external\/98db03fd72d6579b958e9d7e1816f535-image3-1--512x685.jpg\" data-elementor-open-lightbox=\"yes\" data-e-action-hash=\"#elementor-action%3Aaction%3Dlightbox%26settings%3DW10%3D\">\n\t\t\t\t\t\t\t<img decoding=\"async\" src=\"https:\/\/www.medoc-atlantique.co.uk\/wp-content\/uploads\/external\/98db03fd72d6579b958e9d7e1816f535-image3-1--512x685.jpg\" title=\"\" alt=\"\" loading=\"lazy\" \/>\t\t\t\t\t\t\t\t<\/a>\n\t\t\t\t\t\t\t\t\t\t\t<figcaption class=\"widget-image-caption wp-caption-text\">Marais ostr\u00e9icoles (cr\u00e9dit photo Ferme Eau-M\u00e9doc)<\/figcaption>\n\t\t\t\t\t\t\t\t\t\t<\/figure>\n\t\t\t\t\t\t\t\t\t<\/div>\n\t\t\t\t<\/div>\n\t\t\t\t\t<\/div>\n\t\t\t\t<\/div>\n\t\t<div class=\"elementor-element elementor-element-0bb25c7 e-flex e-con-boxed e-con e-parent\" data-id=\"0bb25c7\" data-element_type=\"container\" data-e-type=\"container\">\n\t\t\t\t\t<div class=\"e-con-inner\">\n\t\t\t\t<div class=\"elementor-element elementor-element-f0bf664 elementor-widget elementor-widget-text-editor\" data-id=\"f0bf664\" data-element_type=\"widget\" data-e-type=\"widget\" data-widget_type=\"text-editor.default\">\n\t\t\t\t<div class=\"elementor-widget-container\">\n\t\t\t\t\t\t\t\t\t<p>Nous descendons ensuite un peu plus bas, \u00e0 Saint-Yzan de M\u00e9doc, pour rencontrer un viticulteur et \u00e9leveur de brebis basco-b\u00e9arnaises et tarasconnaises.<br \/>La brebis basco-b\u00e9arnaise est reconnaissable par son chanfrein busqu\u00e9e et ses cornes qui sont d\u00e9velopp\u00e9es aussi bien chez le b\u00e9lier que la brebis.<br \/>Elle porte une toison de laine dite m\u00e8che, c&rsquo;est-\u00e0-dire que sa laine est plus compos\u00e9e de \u00ab\u00a0cheveux\u00a0\u00bb que de fibre laineuse. Cette laine m\u00e9cheuse est aussi plus lisse et ne pr\u00e9sente pas le m\u00eame ressort que les autres laines, permettant d&rsquo;obtenir un fil plus lustr\u00e9 avec du drap\u00e9.<br \/>La brebis tarasconnaise, qui est \u00e9galement une brebis des Pyr\u00e9n\u00e9es, pr\u00e9sente au contraire un manteau de laine tr\u00e8s court, recouvrant essentiellement le haut du corps.<br \/>Cette laine est fine et \u00e9lastique, cela permet de cr\u00e9er un fil avec une certaine m\u00e9moire de forme.<\/p>\t\t\t\t\t\t\t\t<\/div>\n\t\t\t\t<\/div>\n\t\t\t\t\t<\/div>\n\t\t\t\t<\/div>\n\t\t<div class=\"elementor-element elementor-element-7c34fd7 e-flex e-con-boxed e-con e-parent\" data-id=\"7c34fd7\" data-element_type=\"container\" data-e-type=\"container\">\n\t\t\t\t\t<div class=\"e-con-inner\">\n\t\t\t\t<div class=\"elementor-element elementor-element-cb29bc4 elementor-widget elementor-widget-image\" data-id=\"cb29bc4\" data-element_type=\"widget\" data-e-type=\"widget\" data-widget_type=\"image.default\">\n\t\t\t\t<div class=\"elementor-widget-container\">\n\t\t\t\t\t\t\t\t\t\t\t\t<figure class=\"wp-caption\">\n\t\t\t\t\t\t\t\t\t\t<img decoding=\"async\" src=\"https:\/\/static.wixstatic.com\/media\/741564_58537b3051724f69bb643bda9f94b4cd~mv2.jpg\/v1\/crop\/x_43,y_74,w_726,h_1078\/fill\/w_353,h_524,al_c,q_80,usm_0.66_1.00_0.01,enc_auto\/B%C3%A9lier%20Tar%203.jpg\" title=\"\" alt=\"\" loading=\"lazy\" \/>\t\t\t\t\t\t\t\t\t\t\t<figcaption class=\"widget-image-caption wp-caption-text\">B\u00e9lier Tarasconnais (cr\u00e9dit photo UPRA)<\/figcaption>\n\t\t\t\t\t\t\t\t\t\t<\/figure>\n\t\t\t\t\t\t\t\t\t<\/div>\n\t\t\t\t<\/div>\n\t\t\t\t<div class=\"elementor-element elementor-element-d9ee790 elementor-widget elementor-widget-image\" data-id=\"d9ee790\" data-element_type=\"widget\" data-e-type=\"widget\" data-widget_type=\"image.default\">\n\t\t\t\t<div class=\"elementor-widget-container\">\n\t\t\t\t\t\t\t\t\t\t\t\t<figure class=\"wp-caption\">\n\t\t\t\t\t\t\t\t\t\t<img decoding=\"async\" src=\"https:\/\/veterinairesdupiemont.fr\/wp-content\/uploads\/2017\/12\/Cliniquedesveterinairesdupiemont.png\" title=\"\" alt=\"\" loading=\"lazy\" \/>\t\t\t\t\t\t\t\t\t\t\t<figcaption class=\"widget-image-caption wp-caption-text\">Brebis basco b\u00e9arnaise (cr\u00e9dit photo V\u00e9t\u00e9rinaire du Piemont)<\/figcaption>\n\t\t\t\t\t\t\t\t\t\t<\/figure>\n\t\t\t\t\t\t\t\t\t<\/div>\n\t\t\t\t<\/div>\n\t\t\t\t\t<\/div>\n\t\t\t\t<\/div>\n\t\t<div class=\"elementor-element elementor-element-0313efa e-flex e-con-boxed e-con e-parent\" data-id=\"0313efa\" data-element_type=\"container\" data-e-type=\"container\">\n\t\t\t\t\t<div class=\"e-con-inner\">\n\t\t\t\t<div class=\"elementor-element elementor-element-7116f3b elementor-widget elementor-widget-text-editor\" data-id=\"7116f3b\" data-element_type=\"widget\" data-e-type=\"widget\" data-widget_type=\"text-editor.default\">\n\t\t\t\t<div class=\"elementor-widget-container\">\n\t\t\t\t\t\t\t\t\t<p>Les conditions d&rsquo;\u00e9levage diff\u00e8rent des pr\u00e9c\u00e9dents \u00e9leveurs rencontr\u00e9s ; ici, les brebis restent une partie de l&rsquo;ann\u00e9e en bergerie (Novembre \u00e0 Mars) pendant la p\u00e9riode de l&rsquo;agnelage, avant de repartir en prairie.<br \/>Ce choix est dict\u00e9 par la non suffisance des terrains disponibles pour pratiquer une rotation efficace du p\u00e2turage, ainsi que la volont\u00e9 de pouvoir surveiller les agneaux naissants.<br \/>Cependant, lors de notre \u00e9change, j&rsquo;ai pu discuter des retours d&rsquo;exp\u00e9rience des diff\u00e9rents viticulteurs faisant p\u00e2turer leurs brebis landaises et l&rsquo;impact positif qu&rsquo;il en \u00e9tait ressorti.<br \/>Cet \u00e9leveur a commenc\u00e9 \u00e0 r\u00e9aliser des prestations d&rsquo;\u00e9copaturage pour les vignobles aux alentours avec ses brebis. Pourquoi pas l&rsquo;ann\u00e9e prochaine dans son propre vignoble ?<\/p>\t\t\t\t\t\t\t\t<\/div>\n\t\t\t\t<\/div>\n\t\t\t\t\t<\/div>\n\t\t\t\t<\/div>\n\t\t<div class=\"elementor-element elementor-element-eb702c3 e-flex e-con-boxed e-con e-parent\" data-id=\"eb702c3\" data-element_type=\"container\" data-e-type=\"container\">\n\t\t\t\t\t<div class=\"e-con-inner\">\n\t\t\t\t<div class=\"elementor-element elementor-element-0a398d7 elementor-widget elementor-widget-text-editor\" data-id=\"0a398d7\" data-element_type=\"widget\" data-e-type=\"widget\" data-widget_type=\"text-editor.default\">\n\t\t\t\t<div class=\"elementor-widget-container\">\n\t\t\t\t\t\t\t\t\t<p>La probl\u00e9matique qui est ressortie de ces rencontres est l&rsquo;\u00e9limination de la laine et sa non valorisation.<br \/>En effet, depuis deux \u00e0 trois ans, la laine n&rsquo;est plus recueillie dans le circuit classique laissant les \u00e9leveurs avec cette mati\u00e8re premi\u00e8re. Dans les ann\u00e9es \u00e0 venir, la r\u00e8glementation vis \u00e0 vis de l&rsquo;\u00e9limination de la laine va se durcir, obligeant peut-\u00eatre les \u00e9leveurs \u00e0 devoir payer des services pour \u00e9liminer cette laine.<\/p><p>Ce projet que j&rsquo;ai \u00e0 c\u0153ur de construire est l\u00e0 pour r\u00e9soudre cette probl\u00e9matique. Mon but est de vouloir redynamiser une fili\u00e8re laine, locale, permettant de traiter toutes les vari\u00e9t\u00e9s de laine du territoire, qui sont naturellement d\u00e9laiss\u00e9es par l&rsquo;industrie, car la laine a encore beaucoup \u00e0 nous offrir pour nous v\u00eatir et r\u00e9pondre aux enjeux climatiques.<\/p>\t\t\t\t\t\t\t\t<\/div>\n\t\t\t\t<\/div>\n\t\t\t\t\t<\/div>\n\t\t\t\t<\/div>\n\t\t\t\t<\/div>\n\t\t","protected":false},"excerpt":{"rendered":"<p>Cette fois-ci, nous sommes all\u00e9s rencontrer des \u00e9leveurs proches de Bordeaux, plus pr\u00e9cis\u00e9ment dans le M\u00e9doc. Carte du M\u00e9doc (cr\u00e9dit photo M\u00e9doc tourisme) En commen\u00e7ant par la pointe du M\u00e9doc, &hellip; <\/p>\n<p class=\"link-more\"><a href=\"https:\/\/lainedebordeaux.fr\/index.php\/2024\/01\/09\/brebis-du-medoc\/\" class=\"more-link\">Lire la suite de<span class=\"screen-reader-text\">\u00ab\u00a0Brebis du M\u00e9doc\u00a0\u00bb<\/span><\/a><\/p>\n","protected":false},"author":1,"featured_media":0,"comment_status":"open","ping_status":"open","sticky":false,"template":"","format":"standard","meta":{"footnotes":""},"categories":[1],"tags":[],"class_list":["post-291","post","type-post","status-publish","format-standard","hentry","category-blog"],"_links":{"self":[{"href":"https:\/\/lainedebordeaux.fr\/index.php\/wp-json\/wp\/v2\/posts\/291","targetHints":{"allow":["GET"]}}],"collection":[{"href":"https:\/\/lainedebordeaux.fr\/index.php\/wp-json\/wp\/v2\/posts"}],"about":[{"href":"https:\/\/lainedebordeaux.fr\/index.php\/wp-json\/wp\/v2\/types\/post"}],"author":[{"embeddable":true,"href":"https:\/\/lainedebordeaux.fr\/index.php\/wp-json\/wp\/v2\/users\/1"}],"replies":[{"embeddable":true,"href":"https:\/\/lainedebordeaux.fr\/index.php\/wp-json\/wp\/v2\/comments?post=291"}],"version-history":[{"count":40,"href":"https:\/\/lainedebordeaux.fr\/index.php\/wp-json\/wp\/v2\/posts\/291\/revisions"}],"predecessor-version":[{"id":643,"href":"https:\/\/lainedebordeaux.fr\/index.php\/wp-json\/wp\/v2\/posts\/291\/revisions\/643"}],"wp:attachment":[{"href":"https:\/\/lainedebordeaux.fr\/index.php\/wp-json\/wp\/v2\/media?parent=291"}],"wp:term":[{"taxonomy":"category","embeddable":true,"href":"https:\/\/lainedebordeaux.fr\/index.php\/wp-json\/wp\/v2\/categories?post=291"},{"taxonomy":"post_tag","embeddable":true,"href":"https:\/\/lainedebordeaux.fr\/index.php\/wp-json\/wp\/v2\/tags?post=291"}],"curies":[{"name":"wp","href":"https:\/\/api.w.org\/{rel}","templated":true}]}}