{"id":214,"date":"2023-12-18T12:36:06","date_gmt":"2023-12-18T11:36:06","guid":{"rendered":"https:\/\/lainedebordeaux.fr\/?p=214"},"modified":"2024-02-13T12:28:38","modified_gmt":"2024-02-13T11:28:38","slug":"la-laine","status":"publish","type":"post","link":"https:\/\/lainedebordeaux.fr\/index.php\/2023\/12\/18\/la-laine\/","title":{"rendered":"Choisir sa laine"},"content":{"rendered":"\t\t<div data-elementor-type=\"wp-post\" data-elementor-id=\"214\" class=\"elementor elementor-214\">\n\t\t\t\t<div class=\"elementor-element elementor-element-8c20b80 e-flex e-con-boxed e-con e-parent\" data-id=\"8c20b80\" data-element_type=\"container\" data-e-type=\"container\">\n\t\t\t\t\t<div class=\"e-con-inner\">\n\t\t\t\t<div class=\"elementor-element elementor-element-a65e3fd elementor-widget elementor-widget-text-editor\" data-id=\"a65e3fd\" data-element_type=\"widget\" data-e-type=\"widget\" data-widget_type=\"text-editor.default\">\n\t\t\t\t<div class=\"elementor-widget-container\">\n\t\t\t\t\t\t\t\t\t<p>Pour comprendre comment choisir sa laine, commen\u00e7ons par le commencement \u00e0 savoir quel est l&rsquo;anc\u00eatre du mouton.<\/p><p>L&rsquo;anc\u00eatre du mouton le plus proche est le mouflon, qui a gard\u00e9 les caract\u00e9ristiques sauvages de sa laine \u00e0 savoir :<br \/>la mue, le sous-poil, le poil, la jarre.<\/p>\t\t\t\t\t\t\t\t<\/div>\n\t\t\t\t<\/div>\n\t\t\t\t\t<\/div>\n\t\t\t\t<\/div>\n\t\t<div class=\"elementor-element elementor-element-31d5b9c e-flex e-con-boxed e-con e-parent\" data-id=\"31d5b9c\" data-element_type=\"container\" data-e-type=\"container\">\n\t\t\t\t\t<div class=\"e-con-inner\">\n\t\t\t\t<div class=\"elementor-element elementor-element-24b8de1 elementor-widget elementor-widget-image\" data-id=\"24b8de1\" data-element_type=\"widget\" data-e-type=\"widget\" data-widget_type=\"image.default\">\n\t\t\t\t<div class=\"elementor-widget-container\">\n\t\t\t\t\t\t\t\t\t\t\t\t<figure class=\"wp-caption\">\n\t\t\t\t\t\t\t\t\t\t\t<a href=\"https:\/\/lainedebordeaux.fr\/wp-content\/uploads\/2023\/12\/HanMouflons.jpg\" data-elementor-open-lightbox=\"yes\" data-elementor-lightbox-title=\"Mouflons\" data-e-action-hash=\"#elementor-action%3Aaction%3Dlightbox%26settings%3DeyJpZCI6MjE2LCJ1cmwiOiJodHRwczpcL1wvbGFpbmVkZWJvcmRlYXV4LmZyXC93cC1jb250ZW50XC91cGxvYWRzXC8yMDIzXC8xMlwvSGFuTW91ZmxvbnMuanBnIn0%3D\">\n\t\t\t\t\t\t\t<img fetchpriority=\"high\" decoding=\"async\" width=\"950\" height=\"713\" src=\"https:\/\/lainedebordeaux.fr\/wp-content\/uploads\/2023\/12\/HanMouflons-1024x768.jpg\" class=\"attachment-large size-large wp-image-216\" alt=\"Mouflons dans un parc arbor\u00e9\" srcset=\"https:\/\/lainedebordeaux.fr\/wp-content\/uploads\/2023\/12\/HanMouflons-1024x768.jpg 1024w, https:\/\/lainedebordeaux.fr\/wp-content\/uploads\/2023\/12\/HanMouflons-300x225.jpg 300w, https:\/\/lainedebordeaux.fr\/wp-content\/uploads\/2023\/12\/HanMouflons-2000x1500.jpg 2000w, https:\/\/lainedebordeaux.fr\/wp-content\/uploads\/2023\/12\/HanMouflons-1536x1152.jpg 1536w, https:\/\/lainedebordeaux.fr\/wp-content\/uploads\/2023\/12\/HanMouflons-2048x1536.jpg 2048w\" sizes=\"100vw\" \/>\t\t\t\t\t\t\t\t<\/a>\n\t\t\t\t\t\t\t\t\t\t\t<figcaption class=\"widget-image-caption wp-caption-text\">Mouflons (cr\u00e9dit photo : Wikip\u00e9dia)<\/figcaption>\n\t\t\t\t\t\t\t\t\t\t<\/figure>\n\t\t\t\t\t\t\t\t\t<\/div>\n\t\t\t\t<\/div>\n\t\t\t\t\t<\/div>\n\t\t\t\t<\/div>\n\t\t<div class=\"elementor-element elementor-element-b2e8bc7 e-flex e-con-boxed e-con e-parent\" data-id=\"b2e8bc7\" data-element_type=\"container\" data-e-type=\"container\">\n\t\t\t\t\t<div class=\"e-con-inner\">\n\t\t\t\t<div class=\"elementor-element elementor-element-c9cbb3c elementor-widget elementor-widget-text-editor\" data-id=\"c9cbb3c\" data-element_type=\"widget\" data-e-type=\"widget\" data-widget_type=\"text-editor.default\">\n\t\t\t\t<div class=\"elementor-widget-container\">\n\t\t\t\t\t\t\t\t\t<p>En effet, c&rsquo;est par la s\u00e9lection de l&rsquo;homme, que le mouton a d\u00e9velopp\u00e9 de la laine, ne perd plus sa toison et que la couleur blanche est devenu dominante.<br \/>Nos brebis landaises ont gard\u00e9 certains traits de leurs anc\u00eatres, du fait de leur diversit\u00e9 g\u00e9n\u00e9tique. Elles ont de multiples coloris, mais surtout c&rsquo;est au niveau de leur laine que l&rsquo;on constate le caract\u00e8re primitif de celle-ci.<\/p><p>Comme nous, qui avons diff\u00e9rents types de cheveux, les moutons ont diff\u00e9rents types de laines. On distingue environ quatre grandes familles :<\/p><ul><li>Ceux avec un manteau de laine unique, avec une laine fris\u00e9e et fine, qui apporte de la douceur, mais sont plus fragiles,<\/li><li>Ceux avec un manteau de laine unique, avec une laine fris\u00e9e et moyenne, qui apporte de l&rsquo;\u00e9lasticit\u00e9 et de la r\u00e9silience,<\/li><li>Ceux avec un manteau de laine unique, mais avec une laine \u00e0 m\u00e8ches longues et ondul\u00e9es, qui sont fines \u00e0 moyennes, qui apporte du drap\u00e9 et de la solidit\u00e9,<\/li><li>Ceux \u00e0 double voire triple manteaux, avec un sous-poil fin et doux et un poil r\u00e9sistant.<\/li><\/ul><p>La brebis landaise fait partie de cette derni\u00e8re cat\u00e9gorie.<\/p>\t\t\t\t\t\t\t\t<\/div>\n\t\t\t\t<\/div>\n\t\t\t\t\t<\/div>\n\t\t\t\t<\/div>\n\t\t<div class=\"elementor-element elementor-element-ccb8585 e-flex e-con-boxed e-con e-parent\" data-id=\"ccb8585\" data-element_type=\"container\" data-e-type=\"container\">\n\t\t\t\t\t<div class=\"e-con-inner\">\n\t\t\t\t<div class=\"elementor-element elementor-element-3cfd9f9 elementor-widget elementor-widget-image\" data-id=\"3cfd9f9\" data-element_type=\"widget\" data-e-type=\"widget\" data-widget_type=\"image.default\">\n\t\t\t\t<div class=\"elementor-widget-container\">\n\t\t\t\t\t\t\t\t\t\t\t\t<figure class=\"wp-caption\">\n\t\t\t\t\t\t\t\t\t\t\t<a href=\"https:\/\/lainedebordeaux.fr\/wp-content\/uploads\/2023\/12\/IMG_2915-scaled-e1702897511129.jpg\" data-elementor-open-lightbox=\"yes\" data-elementor-lightbox-title=\"m\u00e8ches de laine brebis landaise\" data-e-action-hash=\"#elementor-action%3Aaction%3Dlightbox%26settings%3DeyJpZCI6MjIzLCJ1cmwiOiJodHRwczpcL1wvbGFpbmVkZWJvcmRlYXV4LmZyXC93cC1jb250ZW50XC91cGxvYWRzXC8yMDIzXC8xMlwvSU1HXzI5MTUtc2NhbGVkLWUxNzAyODk3NTExMTI5LmpwZyJ9\">\n\t\t\t\t\t\t\t<img decoding=\"async\" width=\"950\" height=\"713\" src=\"https:\/\/lainedebordeaux.fr\/wp-content\/uploads\/2023\/12\/IMG_2915-scaled-e1702897511129-1024x768.jpg\" class=\"attachment-large size-large wp-image-223\" alt=\"\" srcset=\"https:\/\/lainedebordeaux.fr\/wp-content\/uploads\/2023\/12\/IMG_2915-scaled-e1702897511129-1024x768.jpg 1024w, https:\/\/lainedebordeaux.fr\/wp-content\/uploads\/2023\/12\/IMG_2915-scaled-e1702897511129-300x225.jpg 300w, https:\/\/lainedebordeaux.fr\/wp-content\/uploads\/2023\/12\/IMG_2915-scaled-e1702897511129-2000x1500.jpg 2000w, https:\/\/lainedebordeaux.fr\/wp-content\/uploads\/2023\/12\/IMG_2915-scaled-e1702897511129-768x576.jpg 768w, https:\/\/lainedebordeaux.fr\/wp-content\/uploads\/2023\/12\/IMG_2915-scaled-e1702897511129-1536x1152.jpg 1536w, https:\/\/lainedebordeaux.fr\/wp-content\/uploads\/2023\/12\/IMG_2915-scaled-e1702897511129-2048x1536.jpg 2048w\" sizes=\"100vw\" \/>\t\t\t\t\t\t\t\t<\/a>\n\t\t\t\t\t\t\t\t\t\t\t<figcaption class=\"widget-image-caption wp-caption-text\">M\u00e8ches de laine de bre brebis landaise (cr\u00e9dit photo Laine de Bordeaux)<\/figcaption>\n\t\t\t\t\t\t\t\t\t\t<\/figure>\n\t\t\t\t\t\t\t\t\t<\/div>\n\t\t\t\t<\/div>\n\t\t\t\t\t<\/div>\n\t\t\t\t<\/div>\n\t\t<div class=\"elementor-element elementor-element-033bed5 e-flex e-con-boxed e-con e-parent\" data-id=\"033bed5\" data-element_type=\"container\" data-e-type=\"container\">\n\t\t\t\t\t<div class=\"e-con-inner\">\n\t\t\t\t<div class=\"elementor-element elementor-element-e46358c elementor-widget elementor-widget-text-editor\" data-id=\"e46358c\" data-element_type=\"widget\" data-e-type=\"widget\" data-widget_type=\"text-editor.default\">\n\t\t\t\t<div class=\"elementor-widget-container\">\n\t\t\t\t\t\t\t\t\t<p>La photo ci-dessus est un exemple typique de laine de race \u00e0 caract\u00e8re primitive.<br \/>La base de la m\u00e8che est triangulaire, compos\u00e9e d&rsquo;un sous-poil doux et fin qui a tendance \u00e0 feutrer, permettant de garder au chaud, puis de poil long et drue, qui lui ne feutre pas ou peu, permettant de prot\u00e9ger contre la pluie. On retrouve aussi de la jarre qui sont des poils courts, \u00e9pais et cassants, qui sont parfois roux dans les toisons blanches mais qui peuvent \u00eatre simplement blanc.<br \/>La brebis landaise \u00e9tant une race de conservation avec une g\u00e9n\u00e9tique vari\u00e9e, il n&rsquo;y a pas eu de s\u00e9lection propre pour d\u00e9finir un standard, car c&rsquo;est sa diversit\u00e9 qui fait sa richesse.<br \/>De ce fait, sa laine peut varier d&rsquo;un troupeau \u00e0 l&rsquo;autre en \u00e9tant plus ou moins fine, plus ou moins douce, ce qui demande un savoir-faire particulier pour d\u00e9terminer la meilleure fa\u00e7on de la filer, en fonction de l&rsquo;utilisation souhait\u00e9e.<\/p>\t\t\t\t\t\t\t\t<\/div>\n\t\t\t\t<\/div>\n\t\t\t\t<div class=\"elementor-element elementor-element-7a06ed5 elementor-widget elementor-widget-wpzoom-elementor-addons-carousel\" data-id=\"7a06ed5\" data-element_type=\"widget\" data-e-type=\"widget\" data-settings=\"{&quot;slides_to_show&quot;:&quot;2&quot;,&quot;animation_speed&quot;:300,&quot;autoplay&quot;:&quot;yes&quot;,&quot;autoplay_speed&quot;:3000,&quot;loop&quot;:&quot;yes&quot;,&quot;navigation&quot;:&quot;arrow&quot;,&quot;slides_to_show_tablet&quot;:3,&quot;slides_to_show_mobile&quot;:2}\" data-widget_type=\"wpzoom-elementor-addons-carousel.default\">\n\t\t\t\t<div class=\"elementor-widget-container\">\n\t\t\t\t\t<div class=\"wpzjs-slick wpz-slick wpz-slick--carousel\">\n\n\t\t\t\n\t\t\t\t<div class=\"wpz-slick-slide\">\n\t\t\t\t\t<div class=\"wpz-slick-item\">\n\t\t\t\t\t\t\t\t\t\t\t\t\t<img decoding=\"async\" class=\"wpz-slick-img\" src=\"https:\/\/lainedebordeaux.fr\/wp-content\/uploads\/2023\/12\/Les-differentes-laine-d-une-meme-toison-1024x374.jpg\" alt=\"\">\n\t\t\t\t\t\t\n\t\t\t\t\t\t\t\t\t\t\t<\/div>\n\t\t\t\t<\/div>\n\n\t\t\t\n\t\t\t\t<div class=\"wpz-slick-slide\">\n\t\t\t\t\t<div class=\"wpz-slick-item\">\n\t\t\t\t\t\t\t\t\t\t\t\t\t<img decoding=\"async\" class=\"wpz-slick-img\" src=\"https:\/\/lainedebordeaux.fr\/wp-content\/uploads\/2023\/12\/Separation-sous-poil-1024x743.jpg\" alt=\"\">\n\t\t\t\t\t\t\n\t\t\t\t\t\t\t\t\t\t\t<\/div>\n\t\t\t\t<\/div>\n\n\t\t\t\n\t\t\t\t<div class=\"wpz-slick-slide\">\n\t\t\t\t\t<div class=\"wpz-slick-item\">\n\t\t\t\t\t\t\t\t\t\t\t\t\t<img decoding=\"async\" class=\"wpz-slick-img\" src=\"https:\/\/lainedebordeaux.fr\/wp-content\/uploads\/2023\/12\/Filage-laine-meche-1024x768.jpg\" alt=\"\">\n\t\t\t\t\t\t\n\t\t\t\t\t\t\t\t\t\t\t<\/div>\n\t\t\t\t<\/div>\n\n\t\t\t\n\t\t\t\t<div class=\"wpz-slick-slide\">\n\t\t\t\t\t<div class=\"wpz-slick-item\">\n\t\t\t\t\t\t\t\t\t\t\t\t\t<img decoding=\"async\" class=\"wpz-slick-img\" src=\"https:\/\/lainedebordeaux.fr\/wp-content\/uploads\/2023\/12\/Meches-de-brebis-landaises-768x1024.jpg\" alt=\"\">\n\t\t\t\t\t\t\n\t\t\t\t\t\t\t\t\t\t\t<\/div>\n\t\t\t\t<\/div>\n\n\t\t\t\n\t\t<\/div>\n\n\t\t\t\t\t<button type=\"button\" class=\"slick-prev\"><i aria-hidden=\"true\" class=\"fas fa-chevron-left\"><\/i><\/button>\n\t\t\n\t\t\t\t\t<button type=\"button\" class=\"slick-next\"><i aria-hidden=\"true\" class=\"fas fa-chevron-right\"><\/i><\/button>\n\t\t\n\t\t\t\t\t\t<\/div>\n\t\t\t\t<\/div>\n\t\t\t\t\t<\/div>\n\t\t\t\t<\/div>\n\t\t<div class=\"elementor-element elementor-element-46e4a9f e-flex e-con-boxed e-con e-parent\" data-id=\"46e4a9f\" data-element_type=\"container\" data-e-type=\"container\">\n\t\t\t\t\t<div class=\"e-con-inner\">\n\t\t\t\t<div class=\"elementor-element elementor-element-a3f9b05 elementor-widget elementor-widget-text-editor\" data-id=\"a3f9b05\" data-element_type=\"widget\" data-e-type=\"widget\" data-widget_type=\"text-editor.default\">\n\t\t\t\t<div class=\"elementor-widget-container\">\n\t\t\t\t\t\t\t\t\t<p>Pour vous aider \u00e0 choisir votre laine pour vos projets de tricots, crochets et tissages, voici quelques questions \u00e0 vous poser :<\/p><ul><li>Quel type de v\u00eatement vais-je cr\u00e9er ? Pour savoir s&rsquo;il sera port\u00e9 pr\u00e8s de la peau ou non.<\/li><li>Est-ce qu&rsquo;il va \u00eatre r\u00e9sistant \u00e0 l&rsquo;abrasion, si je le porte souvent ? Comme le cas des chaussettes ou de votre pull pr\u00e9f\u00e9r\u00e9.<\/li><li>Est-ce qu&rsquo;il va \u00eatre utilis\u00e9 occasionnellement, sera-t-il plus d\u00e9coratif qu&rsquo;utile ?<\/li><li>Est-ce que l&rsquo;objet devra tenir chaud ?<\/li><li>Est-ce que la laine utilis\u00e9e a beaucoup de drap\u00e9 ou au contraire est-ce qu&rsquo;elle garde bien la forme ?<\/li><li>Est-ce que votre patron contient des points intriqu\u00e9s comme des torsades, est-ce que le halo de la laine choisie ne va les masquer ?<\/li><\/ul><p>Comme en couture,\u00a0 o\u00f9 il y a un type de tissu adapt\u00e9 pour un patron ; cela est \u00e9galement le cas pour la laine.<br \/>Il n&rsquo;y a pas de mauvaise laine mais une laine adapt\u00e9e \u00e0 votre projet. \ud83d\ude42<\/p><p><em>(inspir\u00e9 d&rsquo;un proverbe norv\u00e9gien : il n&rsquo;y a pas de mauvais temps,\u00a0 seulement de mauvais v\u00eatements<\/em> \ud83d\ude09 <em>)<\/em><\/p><p>J&rsquo;esp\u00e8re que cela vous aura aid\u00e9 \u00e0 reconsid\u00e9rer la laine, qui est une mati\u00e8re naturelle et renouvelable, pour r\u00e9aliser de beaux projets pour cet hiver.<\/p>\t\t\t\t\t\t\t\t<\/div>\n\t\t\t\t<\/div>\n\t\t\t\t\t<\/div>\n\t\t\t\t<\/div>\n\t\t\t\t<\/div>\n\t\t","protected":false},"excerpt":{"rendered":"<p>Pour comprendre comment choisir sa laine, commen\u00e7ons par le commencement \u00e0 savoir quel est l&rsquo;anc\u00eatre du mouton. L&rsquo;anc\u00eatre du mouton le plus proche est le mouflon, qui a gard\u00e9 les &hellip; <\/p>\n<p class=\"link-more\"><a href=\"https:\/\/lainedebordeaux.fr\/index.php\/2023\/12\/18\/la-laine\/\" class=\"more-link\">Lire la suite de<span class=\"screen-reader-text\">\u00ab\u00a0Choisir sa laine\u00a0\u00bb<\/span><\/a><\/p>\n","protected":false},"author":1,"featured_media":223,"comment_status":"open","ping_status":"open","sticky":false,"template":"","format":"standard","meta":{"footnotes":""},"categories":[1],"tags":[],"class_list":["post-214","post","type-post","status-publish","format-standard","has-post-thumbnail","hentry","category-blog"],"_links":{"self":[{"href":"https:\/\/lainedebordeaux.fr\/index.php\/wp-json\/wp\/v2\/posts\/214","targetHints":{"allow":["GET"]}}],"collection":[{"href":"https:\/\/lainedebordeaux.fr\/index.php\/wp-json\/wp\/v2\/posts"}],"about":[{"href":"https:\/\/lainedebordeaux.fr\/index.php\/wp-json\/wp\/v2\/types\/post"}],"author":[{"embeddable":true,"href":"https:\/\/lainedebordeaux.fr\/index.php\/wp-json\/wp\/v2\/users\/1"}],"replies":[{"embeddable":true,"href":"https:\/\/lainedebordeaux.fr\/index.php\/wp-json\/wp\/v2\/comments?post=214"}],"version-history":[{"count":56,"href":"https:\/\/lainedebordeaux.fr\/index.php\/wp-json\/wp\/v2\/posts\/214\/revisions"}],"predecessor-version":[{"id":405,"href":"https:\/\/lainedebordeaux.fr\/index.php\/wp-json\/wp\/v2\/posts\/214\/revisions\/405"}],"wp:featuredmedia":[{"embeddable":true,"href":"https:\/\/lainedebordeaux.fr\/index.php\/wp-json\/wp\/v2\/media\/223"}],"wp:attachment":[{"href":"https:\/\/lainedebordeaux.fr\/index.php\/wp-json\/wp\/v2\/media?parent=214"}],"wp:term":[{"taxonomy":"category","embeddable":true,"href":"https:\/\/lainedebordeaux.fr\/index.php\/wp-json\/wp\/v2\/categories?post=214"},{"taxonomy":"post_tag","embeddable":true,"href":"https:\/\/lainedebordeaux.fr\/index.php\/wp-json\/wp\/v2\/tags?post=214"}],"curies":[{"name":"wp","href":"https:\/\/api.w.org\/{rel}","templated":true}]}}