{"id":173,"date":"2023-12-04T22:28:31","date_gmt":"2023-12-04T21:28:31","guid":{"rendered":"https:\/\/lainedebordeaux.fr\/?p=173"},"modified":"2024-02-13T12:21:55","modified_gmt":"2024-02-13T11:21:55","slug":"bien-au-chaud-au-terrier-et-brebis-de-dordogne","status":"publish","type":"post","link":"https:\/\/lainedebordeaux.fr\/index.php\/2023\/12\/04\/bien-au-chaud-au-terrier-et-brebis-de-dordogne\/","title":{"rendered":"Bien au chaud au Terrier et Brebis de Dordogne"},"content":{"rendered":"\t\t<div data-elementor-type=\"wp-post\" data-elementor-id=\"173\" class=\"elementor elementor-173\">\n\t\t\t\t<div class=\"elementor-element elementor-element-6bfa8db8 e-flex e-con-boxed e-con e-parent\" data-id=\"6bfa8db8\" data-element_type=\"container\" data-e-type=\"container\">\n\t\t\t\t\t<div class=\"e-con-inner\">\n\t\t\t\t<div class=\"elementor-element elementor-element-619925a8 elementor-widget elementor-widget-text-editor\" data-id=\"619925a8\" data-element_type=\"widget\" data-e-type=\"widget\" data-widget_type=\"text-editor.default\">\n\t\t\t\t<div class=\"elementor-widget-container\">\n\t\t\t\t\t\t\t\t\t\n<p>Lors de ce premier week-end de d\u00e9cembre, j&rsquo;ai pu continuer mon Tour de Laine de la r\u00e9gion, en atterrissant en Dordogne et plus pr\u00e9cis\u00e9ment au <a href=\"https:\/\/leterrier-gites.fr\/\" target=\"_blank\" rel=\"noopener\">Terrier<\/a>.<\/p>\n\n<p>A cette occasion, j&rsquo;ai offert un plaid en feutre de laine, r\u00e9alis\u00e9 bien s\u00fbr en laine de brebis landaises, o\u00f9 les couleurs naturelles des toisons ont \u00e9t\u00e9 mises en valeur.<\/p>\n\t\t\t\t\t\t\t\t<\/div>\n\t\t\t\t<\/div>\n\t\t\t\t\t<\/div>\n\t\t\t\t<\/div>\n\t\t<div class=\"elementor-element elementor-element-056f789 e-flex e-con-boxed e-con e-parent\" data-id=\"056f789\" data-element_type=\"container\" data-e-type=\"container\">\n\t\t\t\t\t<div class=\"e-con-inner\">\n\t\t\t\t<div class=\"elementor-element elementor-element-784ad9e elementor-widget elementor-widget-image\" data-id=\"784ad9e\" data-element_type=\"widget\" data-e-type=\"widget\" data-widget_type=\"image.default\">\n\t\t\t\t<div class=\"elementor-widget-container\">\n\t\t\t\t\t\t\t\t\t\t\t\t<figure class=\"wp-caption\">\n\t\t\t\t\t\t\t\t\t\t\t<a href=\"https:\/\/lainedebordeaux.fr\/wp-content\/uploads\/2023\/12\/P1020380-scaled.jpg\" data-elementor-open-lightbox=\"yes\" data-elementor-lightbox-title=\"plaid dans les bois\" data-e-action-hash=\"#elementor-action%3Aaction%3Dlightbox%26settings%3DeyJpZCI6MTc4LCJ1cmwiOiJodHRwczpcL1wvbGFpbmVkZWJvcmRlYXV4LmZyXC93cC1jb250ZW50XC91cGxvYWRzXC8yMDIzXC8xMlwvUDEwMjAzODAtc2NhbGVkLmpwZyJ9\">\n\t\t\t\t\t\t\t<img fetchpriority=\"high\" decoding=\"async\" width=\"950\" height=\"534\" src=\"https:\/\/lainedebordeaux.fr\/wp-content\/uploads\/2023\/12\/P1020380-1024x576.jpg\" class=\"attachment-large size-large wp-image-178\" alt=\"\" srcset=\"https:\/\/lainedebordeaux.fr\/wp-content\/uploads\/2023\/12\/P1020380-1024x576.jpg 1024w, https:\/\/lainedebordeaux.fr\/wp-content\/uploads\/2023\/12\/P1020380-300x169.jpg 300w, https:\/\/lainedebordeaux.fr\/wp-content\/uploads\/2023\/12\/P1020380-2000x1125.jpg 2000w, https:\/\/lainedebordeaux.fr\/wp-content\/uploads\/2023\/12\/P1020380-scaled-1536x864.jpg 1536w, https:\/\/lainedebordeaux.fr\/wp-content\/uploads\/2023\/12\/P1020380-scaled-2048x1152.jpg 2048w\" sizes=\"100vw\" \/>\t\t\t\t\t\t\t\t<\/a>\n\t\t\t\t\t\t\t\t\t\t\t<figcaption class=\"widget-image-caption wp-caption-text\">Plaid dans les bois (cr\u00e9dit photo : Laine de Bordeaux)<\/figcaption>\n\t\t\t\t\t\t\t\t\t\t<\/figure>\n\t\t\t\t\t\t\t\t\t<\/div>\n\t\t\t\t<\/div>\n\t\t\t\t<div class=\"elementor-element elementor-element-0610484 elementor-widget elementor-widget-text-editor\" data-id=\"0610484\" data-element_type=\"widget\" data-e-type=\"widget\" data-widget_type=\"text-editor.default\">\n\t\t\t\t<div class=\"elementor-widget-container\">\n\t\t\t\t\t\t\t\t\t<p>Le feutre est l&rsquo;une des nombreuses possibilit\u00e9s qu&rsquo;offre la laine. Il s&rsquo;agit d&rsquo;un textile non tiss\u00e9, r\u00e9sistant, gardant ses propri\u00e9t\u00e9s thermor\u00e9gulatrices, m\u00eame un plaid r\u00e9alis\u00e9 avec du feutre fin, vous gardera au chaud pendant les journ\u00e9es d&rsquo;hiver.<\/p>\n<p>La technique du feutre est l&rsquo;une des plus anciennes techniques de fabrication textile. Bien avant le tissage, l&rsquo;humanit\u00e9 a appris \u00e0 feutrer pour se v\u00eatir et se prot\u00e9ger des intemp\u00e9ries.<\/p>\n<p>De nos jours, le feutre est encore utilis\u00e9 de fa\u00e7on traditionnelle en Asie dans la fabrication des yourtes, au Moyen-Orient dans la confection de tapis comme au Kazakhstan, Iran et en Turquie et plus proche de chez nous comme dans les Pyr\u00e9n\u00e9es pour la confection de b\u00e9ret, chapeau, \u00e9charpe, semelles de chaussures.<\/p>\n<p>En r\u00e9utilisant cette mati\u00e8re noble, cela nous permet de nous reconnecter au vivant, de conserver et de relocaliser des savoir-faire, d&rsquo;entretenir une relation de proximit\u00e9 et de confiance entre nous et les producteurs.<\/p>\t\t\t\t\t\t\t\t<\/div>\n\t\t\t\t<\/div>\n\t\t\t\t\t<\/div>\n\t\t\t\t<\/div>\n\t\t<div class=\"elementor-element elementor-element-d569fd8 e-flex e-con-boxed e-con e-parent\" data-id=\"d569fd8\" data-element_type=\"container\" data-e-type=\"container\">\n\t\t\t\t\t<div class=\"e-con-inner\">\n\t\t\t\t<div class=\"elementor-element elementor-element-8ed9289 elementor-widget elementor-widget-image\" data-id=\"8ed9289\" data-element_type=\"widget\" data-e-type=\"widget\" data-widget_type=\"image.default\">\n\t\t\t\t<div class=\"elementor-widget-container\">\n\t\t\t\t\t\t\t\t\t\t\t\t<figure class=\"wp-caption\">\n\t\t\t\t\t\t\t\t\t\t\t<a href=\"https:\/\/lainedebordeaux.fr\/wp-content\/uploads\/2023\/12\/couverture_au_coin_du_feu-scaled.jpg\" data-elementor-open-lightbox=\"yes\" data-elementor-lightbox-title=\"couverture_au_coin_du_feu\" data-e-action-hash=\"#elementor-action%3Aaction%3Dlightbox%26settings%3DeyJpZCI6MTc3LCJ1cmwiOiJodHRwczpcL1wvbGFpbmVkZWJvcmRlYXV4LmZyXC93cC1jb250ZW50XC91cGxvYWRzXC8yMDIzXC8xMlwvY291dmVydHVyZV9hdV9jb2luX2R1X2ZldS1zY2FsZWQuanBnIn0%3D\">\n\t\t\t\t\t\t\t<img decoding=\"async\" width=\"950\" height=\"534\" src=\"https:\/\/lainedebordeaux.fr\/wp-content\/uploads\/2023\/12\/couverture_au_coin_du_feu-1024x576.jpg\" class=\"attachment-large size-large wp-image-177\" alt=\"\" srcset=\"https:\/\/lainedebordeaux.fr\/wp-content\/uploads\/2023\/12\/couverture_au_coin_du_feu-1024x576.jpg 1024w, https:\/\/lainedebordeaux.fr\/wp-content\/uploads\/2023\/12\/couverture_au_coin_du_feu-300x169.jpg 300w, https:\/\/lainedebordeaux.fr\/wp-content\/uploads\/2023\/12\/couverture_au_coin_du_feu-2000x1125.jpg 2000w, https:\/\/lainedebordeaux.fr\/wp-content\/uploads\/2023\/12\/couverture_au_coin_du_feu-scaled-1536x864.jpg 1536w, https:\/\/lainedebordeaux.fr\/wp-content\/uploads\/2023\/12\/couverture_au_coin_du_feu-scaled-2048x1152.jpg 2048w\" sizes=\"100vw\" \/>\t\t\t\t\t\t\t\t<\/a>\n\t\t\t\t\t\t\t\t\t\t\t<figcaption class=\"widget-image-caption wp-caption-text\">Au coin du feu (cr\u00e9dit photo : Laine de Bordeaux)<\/figcaption>\n\t\t\t\t\t\t\t\t\t\t<\/figure>\n\t\t\t\t\t\t\t\t\t<\/div>\n\t\t\t\t<\/div>\n\t\t\t\t\t<\/div>\n\t\t\t\t<\/div>\n\t\t<div class=\"elementor-element elementor-element-4d7aaa6 e-flex e-con-boxed e-con e-parent\" data-id=\"4d7aaa6\" data-element_type=\"container\" data-e-type=\"container\">\n\t\t\t\t\t<div class=\"e-con-inner\">\n\t\t\t\t<div class=\"elementor-element elementor-element-4242b4f elementor-widget elementor-widget-text-editor\" data-id=\"4242b4f\" data-element_type=\"widget\" data-e-type=\"widget\" data-widget_type=\"text-editor.default\">\n\t\t\t\t<div class=\"elementor-widget-container\">\n\t\t\t\t\t\t\t\t\t<p>\u00a0<\/p>\n<p>Profitant de mon passage au Terrier, j&rsquo;ai rendu visite \u00e0 un \u00e9leveur adh\u00e9rent du Conservatoire Aquitain des Races et son troupeau compos\u00e9 de brebis Landaises et de Rouge du Roussillon.<\/p>\t\t\t\t\t\t\t\t<\/div>\n\t\t\t\t<\/div>\n\t\t\t\t\t<\/div>\n\t\t\t\t<\/div>\n\t\t<div class=\"elementor-element elementor-element-6b0fad3 e-flex e-con-boxed e-con e-parent\" data-id=\"6b0fad3\" data-element_type=\"container\" data-e-type=\"container\">\n\t\t\t\t\t<div class=\"e-con-inner\">\n\t\t<div class=\"elementor-element elementor-element-c0a9bce e-con-full e-flex e-con e-child\" data-id=\"c0a9bce\" data-element_type=\"container\" data-e-type=\"container\">\n\t\t\t\t<div class=\"elementor-element elementor-element-eea0fe9 elementor-widget elementor-widget-text-editor\" data-id=\"eea0fe9\" data-element_type=\"widget\" data-e-type=\"widget\" data-widget_type=\"text-editor.default\">\n\t\t\t\t<div class=\"elementor-widget-container\">\n\t\t\t\t\t\t\t\t\t<p><!-- \/wp:paragraph --><!-- wp:paragraph --><\/p>\n<p>J&rsquo;ai pu assister \u00e0 la garde de son troupeau au sein d&rsquo;une clairi\u00e8re entour\u00e9e de ch\u00eane et de ch\u00e2taignier, dont les brebis raffolent des fruits, ainsi que du lierre.<\/p>\n<p>Les brebis landaises sont des brebis avec un fort instinct gr\u00e9gaire, ce qui en facilite leur conduite.<\/p>\n<p><!-- \/wp:paragraph --><!-- wp:paragraph --><\/p>\t\t\t\t\t\t\t\t<\/div>\n\t\t\t\t<\/div>\n\t\t\t\t<\/div>\n\t\t<div class=\"elementor-element elementor-element-378f201 e-con-full e-flex e-con e-child\" data-id=\"378f201\" data-element_type=\"container\" data-e-type=\"container\">\n\t\t\t\t<div class=\"elementor-element elementor-element-ddff6e6 elementor-widget elementor-widget-image\" data-id=\"ddff6e6\" data-element_type=\"widget\" data-e-type=\"widget\" data-widget_type=\"image.default\">\n\t\t\t\t<div class=\"elementor-widget-container\">\n\t\t\t\t\t\t\t\t\t\t\t\t<figure class=\"wp-caption\">\n\t\t\t\t\t\t\t\t\t\t\t<a href=\"https:\/\/lainedebordeaux.fr\/wp-content\/uploads\/2023\/12\/P1020396-scaled.jpg\" data-elementor-open-lightbox=\"yes\" data-elementor-lightbox-title=\"brebis \u00e0 l&#039;or\u00e9e des bois\" data-e-action-hash=\"#elementor-action%3Aaction%3Dlightbox%26settings%3DeyJpZCI6MTg1LCJ1cmwiOiJodHRwczpcL1wvbGFpbmVkZWJvcmRlYXV4LmZyXC93cC1jb250ZW50XC91cGxvYWRzXC8yMDIzXC8xMlwvUDEwMjAzOTYtc2NhbGVkLmpwZyJ9\">\n\t\t\t\t\t\t\t<img decoding=\"async\" width=\"950\" height=\"534\" src=\"https:\/\/lainedebordeaux.fr\/wp-content\/uploads\/2023\/12\/P1020396-1024x576.jpg\" class=\"attachment-large size-large wp-image-185\" alt=\"\" srcset=\"https:\/\/lainedebordeaux.fr\/wp-content\/uploads\/2023\/12\/P1020396-1024x576.jpg 1024w, https:\/\/lainedebordeaux.fr\/wp-content\/uploads\/2023\/12\/P1020396-300x169.jpg 300w, https:\/\/lainedebordeaux.fr\/wp-content\/uploads\/2023\/12\/P1020396-2000x1125.jpg 2000w, https:\/\/lainedebordeaux.fr\/wp-content\/uploads\/2023\/12\/P1020396-scaled-1536x864.jpg 1536w, https:\/\/lainedebordeaux.fr\/wp-content\/uploads\/2023\/12\/P1020396-scaled-2048x1152.jpg 2048w\" sizes=\"100vw\" \/>\t\t\t\t\t\t\t\t<\/a>\n\t\t\t\t\t\t\t\t\t\t\t<figcaption class=\"widget-image-caption wp-caption-text\">Brebis landaises \u00e0 l'or\u00e9e des bois (cr\u00e9dit photo : Laine de Bordeaux)<\/figcaption>\n\t\t\t\t\t\t\t\t\t\t<\/figure>\n\t\t\t\t\t\t\t\t\t<\/div>\n\t\t\t\t<\/div>\n\t\t\t\t<\/div>\n\t\t\t\t\t<\/div>\n\t\t\t\t<\/div>\n\t\t<div class=\"elementor-element elementor-element-e81212b e-flex e-con-boxed e-con e-parent\" data-id=\"e81212b\" data-element_type=\"container\" data-e-type=\"container\">\n\t\t\t\t\t<div class=\"e-con-inner\">\n\t\t\t\t<div class=\"elementor-element elementor-element-a339f7b elementor-widget elementor-widget-text-editor\" data-id=\"a339f7b\" data-element_type=\"widget\" data-e-type=\"widget\" data-widget_type=\"text-editor.default\">\n\t\t\t\t<div class=\"elementor-widget-container\">\n\t\t\t\t\t\t\t\t\t<p><!-- \/wp:paragraph --><!-- wp:paragraph --><\/p>\n<p>Spot, le chien de berger \u00e9tait impressionnant par sa r\u00e9activit\u00e9 et la pr\u00e9cision avec laquelle il ex\u00e9cutait les ordres de son ma\u00eetre. Avoir un chien de travail patient, pr\u00e9cis, r\u00e9sistant est un v\u00e9ritable atout dans la garde du troupeau.<\/p>\n<p>La p\u00e9riode d&rsquo;agnelage ayant commenc\u00e9, les m\u00e8res sont tr\u00e8s protectrices et n&rsquo;h\u00e9sitent pas \u00e0 charger le chien pour le tenir \u00e0 distance, m\u00eame si celui-ci se tient suffisamment \u00e9loign\u00e9 et reste immobile.<\/p>\n<p>J&rsquo;ai eu la chance de voir les premiers agneaux de la saison, qui tenaient d\u00e9j\u00e0 fermement sur leurs pattes et imitaient leur m\u00e8re en essayant de brouter quelques brins d&rsquo;herbe, m\u00eame si les premiers mois ils se nourriront exclusivement de lait.<\/p>\t\t\t\t\t\t\t\t<\/div>\n\t\t\t\t<\/div>\n\t\t\t\t\t<\/div>\n\t\t\t\t<\/div>\n\t\t<div class=\"elementor-element elementor-element-12b129f e-flex e-con-boxed e-con e-parent\" data-id=\"12b129f\" data-element_type=\"container\" data-e-type=\"container\">\n\t\t\t\t\t<div class=\"e-con-inner\">\n\t\t\t\t<div class=\"elementor-element elementor-element-758ff70 elementor-widget elementor-widget-image\" data-id=\"758ff70\" data-element_type=\"widget\" data-e-type=\"widget\" data-widget_type=\"image.default\">\n\t\t\t\t<div class=\"elementor-widget-container\">\n\t\t\t\t\t\t\t\t\t\t\t\t<figure class=\"wp-caption\">\n\t\t\t\t\t\t\t\t\t\t\t<a href=\"https:\/\/lainedebordeaux.fr\/wp-content\/uploads\/2023\/12\/P1020398-scaled.jpg\" data-elementor-open-lightbox=\"yes\" data-elementor-lightbox-title=\"premier agneau\" data-e-action-hash=\"#elementor-action%3Aaction%3Dlightbox%26settings%3DeyJpZCI6MTg3LCJ1cmwiOiJodHRwczpcL1wvbGFpbmVkZWJvcmRlYXV4LmZyXC93cC1jb250ZW50XC91cGxvYWRzXC8yMDIzXC8xMlwvUDEwMjAzOTgtc2NhbGVkLmpwZyJ9\">\n\t\t\t\t\t\t\t<img loading=\"lazy\" decoding=\"async\" width=\"950\" height=\"534\" src=\"https:\/\/lainedebordeaux.fr\/wp-content\/uploads\/2023\/12\/P1020398-1024x576.jpg\" class=\"attachment-large size-large wp-image-187\" alt=\"\" srcset=\"https:\/\/lainedebordeaux.fr\/wp-content\/uploads\/2023\/12\/P1020398-1024x576.jpg 1024w, https:\/\/lainedebordeaux.fr\/wp-content\/uploads\/2023\/12\/P1020398-300x169.jpg 300w, https:\/\/lainedebordeaux.fr\/wp-content\/uploads\/2023\/12\/P1020398-2000x1125.jpg 2000w, https:\/\/lainedebordeaux.fr\/wp-content\/uploads\/2023\/12\/P1020398-scaled-1536x864.jpg 1536w, https:\/\/lainedebordeaux.fr\/wp-content\/uploads\/2023\/12\/P1020398-scaled-2048x1152.jpg 2048w\" sizes=\"100vw\" \/>\t\t\t\t\t\t\t\t<\/a>\n\t\t\t\t\t\t\t\t\t\t\t<figcaption class=\"widget-image-caption wp-caption-text\">Premier agneau (cr\u00e9dit photo Laine de Bordeaux)<\/figcaption>\n\t\t\t\t\t\t\t\t\t\t<\/figure>\n\t\t\t\t\t\t\t\t\t<\/div>\n\t\t\t\t<\/div>\n\t\t\t\t\t<\/div>\n\t\t\t\t<\/div>\n\t\t<div class=\"elementor-element elementor-element-2d46abb e-flex e-con-boxed e-con e-parent\" data-id=\"2d46abb\" data-element_type=\"container\" data-e-type=\"container\">\n\t\t\t\t\t<div class=\"e-con-inner\">\n\t\t\t\t<div class=\"elementor-element elementor-element-0c90308 elementor-widget elementor-widget-image\" data-id=\"0c90308\" data-element_type=\"widget\" data-e-type=\"widget\" data-widget_type=\"image.default\">\n\t\t\t\t<div class=\"elementor-widget-container\">\n\t\t\t\t\t\t\t\t\t\t\t\t<figure class=\"wp-caption\">\n\t\t\t\t\t\t\t\t\t\t\t<a href=\"https:\/\/lainedebordeaux.fr\/wp-content\/uploads\/2023\/12\/P1020397-scaled.jpg\" data-elementor-open-lightbox=\"yes\" data-elementor-lightbox-title=\"P1020397\" data-e-action-hash=\"#elementor-action%3Aaction%3Dlightbox%26settings%3DeyJpZCI6MTg2LCJ1cmwiOiJodHRwczpcL1wvbGFpbmVkZWJvcmRlYXV4LmZyXC93cC1jb250ZW50XC91cGxvYWRzXC8yMDIzXC8xMlwvUDEwMjAzOTctc2NhbGVkLmpwZyJ9\">\n\t\t\t\t\t\t\t<img loading=\"lazy\" decoding=\"async\" width=\"950\" height=\"534\" src=\"https:\/\/lainedebordeaux.fr\/wp-content\/uploads\/2023\/12\/P1020397-1024x576.jpg\" class=\"attachment-large size-large wp-image-186\" alt=\"\" srcset=\"https:\/\/lainedebordeaux.fr\/wp-content\/uploads\/2023\/12\/P1020397-1024x576.jpg 1024w, https:\/\/lainedebordeaux.fr\/wp-content\/uploads\/2023\/12\/P1020397-300x169.jpg 300w, https:\/\/lainedebordeaux.fr\/wp-content\/uploads\/2023\/12\/P1020397-2000x1125.jpg 2000w, https:\/\/lainedebordeaux.fr\/wp-content\/uploads\/2023\/12\/P1020397-scaled-1536x864.jpg 1536w, https:\/\/lainedebordeaux.fr\/wp-content\/uploads\/2023\/12\/P1020397-scaled-2048x1152.jpg 2048w\" sizes=\"100vw\" \/>\t\t\t\t\t\t\t\t<\/a>\n\t\t\t\t\t\t\t\t\t\t\t<figcaption class=\"widget-image-caption wp-caption-text\">Brebis mangeant du lierre (cr\u00e9dit photo Laine de Bordeaux)<\/figcaption>\n\t\t\t\t\t\t\t\t\t\t<\/figure>\n\t\t\t\t\t\t\t\t\t<\/div>\n\t\t\t\t<\/div>\n\t\t\t\t\t<\/div>\n\t\t\t\t<\/div>\n\t\t<div class=\"elementor-element elementor-element-1e1ac41 e-flex e-con-boxed e-con e-parent\" data-id=\"1e1ac41\" data-element_type=\"container\" data-e-type=\"container\">\n\t\t\t\t\t<div class=\"e-con-inner\">\n\t\t\t\t<div class=\"elementor-element elementor-element-cde6f6b elementor-widget elementor-widget-text-editor\" data-id=\"cde6f6b\" data-element_type=\"widget\" data-e-type=\"widget\" data-widget_type=\"text-editor.default\">\n\t\t\t\t<div class=\"elementor-widget-container\">\n\t\t\t\t\t\t\t\t\t<p>La suite du Tour de Laine au prochaine \u00e9pisode !<\/p>\t\t\t\t\t\t\t\t<\/div>\n\t\t\t\t<\/div>\n\t\t\t\t\t<\/div>\n\t\t\t\t<\/div>\n\t\t\t\t<\/div>\n\t\t","protected":false},"excerpt":{"rendered":"<p>Lors de ce premier week-end de d\u00e9cembre, j&rsquo;ai pu continuer mon Tour de Laine de la r\u00e9gion, en atterrissant en Dordogne et plus pr\u00e9cis\u00e9ment au Terrier. A cette occasion, j&rsquo;ai &hellip; <\/p>\n<p class=\"link-more\"><a href=\"https:\/\/lainedebordeaux.fr\/index.php\/2023\/12\/04\/bien-au-chaud-au-terrier-et-brebis-de-dordogne\/\" class=\"more-link\">Lire la suite de<span class=\"screen-reader-text\">\u00ab\u00a0Bien au chaud au Terrier et Brebis de Dordogne\u00a0\u00bb<\/span><\/a><\/p>\n","protected":false},"author":1,"featured_media":179,"comment_status":"open","ping_status":"open","sticky":false,"template":"","format":"standard","meta":{"footnotes":""},"categories":[1],"tags":[],"class_list":["post-173","post","type-post","status-publish","format-standard","has-post-thumbnail","hentry","category-blog"],"_links":{"self":[{"href":"https:\/\/lainedebordeaux.fr\/index.php\/wp-json\/wp\/v2\/posts\/173","targetHints":{"allow":["GET"]}}],"collection":[{"href":"https:\/\/lainedebordeaux.fr\/index.php\/wp-json\/wp\/v2\/posts"}],"about":[{"href":"https:\/\/lainedebordeaux.fr\/index.php\/wp-json\/wp\/v2\/types\/post"}],"author":[{"embeddable":true,"href":"https:\/\/lainedebordeaux.fr\/index.php\/wp-json\/wp\/v2\/users\/1"}],"replies":[{"embeddable":true,"href":"https:\/\/lainedebordeaux.fr\/index.php\/wp-json\/wp\/v2\/comments?post=173"}],"version-history":[{"count":35,"href":"https:\/\/lainedebordeaux.fr\/index.php\/wp-json\/wp\/v2\/posts\/173\/revisions"}],"predecessor-version":[{"id":396,"href":"https:\/\/lainedebordeaux.fr\/index.php\/wp-json\/wp\/v2\/posts\/173\/revisions\/396"}],"wp:featuredmedia":[{"embeddable":true,"href":"https:\/\/lainedebordeaux.fr\/index.php\/wp-json\/wp\/v2\/media\/179"}],"wp:attachment":[{"href":"https:\/\/lainedebordeaux.fr\/index.php\/wp-json\/wp\/v2\/media?parent=173"}],"wp:term":[{"taxonomy":"category","embeddable":true,"href":"https:\/\/lainedebordeaux.fr\/index.php\/wp-json\/wp\/v2\/categories?post=173"},{"taxonomy":"post_tag","embeddable":true,"href":"https:\/\/lainedebordeaux.fr\/index.php\/wp-json\/wp\/v2\/tags?post=173"}],"curies":[{"name":"wp","href":"https:\/\/api.w.org\/{rel}","templated":true}]}}