{"id":138,"date":"2023-11-18T13:32:23","date_gmt":"2023-11-18T12:32:23","guid":{"rendered":"https:\/\/lainedebordeaux.fr\/?p=138"},"modified":"2024-02-13T12:19:02","modified_gmt":"2024-02-13T11:19:02","slug":"rencontre-avec-les-eleveurs-de-brebis-landaises","status":"publish","type":"post","link":"https:\/\/lainedebordeaux.fr\/index.php\/2023\/11\/18\/rencontre-avec-les-eleveurs-de-brebis-landaises\/","title":{"rendered":"Rencontre avec les \u00e9leveurs de brebis landaises"},"content":{"rendered":"\t\t<div data-elementor-type=\"wp-post\" data-elementor-id=\"138\" class=\"elementor elementor-138\">\n\t\t\t\t<div class=\"elementor-element elementor-element-440b762 e-flex e-con-boxed e-con e-parent\" data-id=\"440b762\" data-element_type=\"container\" data-e-type=\"container\">\n\t\t\t\t\t<div class=\"e-con-inner\">\n\t\t\t\t<div class=\"elementor-element elementor-element-f02292d elementor-widget elementor-widget-text-editor\" data-id=\"f02292d\" data-element_type=\"widget\" data-e-type=\"widget\" data-widget_type=\"text-editor.default\">\n\t\t\t\t<div class=\"elementor-widget-container\">\n\t\t\t\t\t\t\t\t\t<p>Aujourd&rsquo;hui \u00e9tait \u00e0 l&rsquo;honneur la brebis landaise, une race ancienne et rustique de la r\u00e9gion Nouvelle-Aquitaine, qui b\u00e9n\u00e9ficie d&rsquo;un programme de conservation par l&rsquo;interm\u00e9diaire du <a href=\"http:\/\/www.racesaquitaine.fr\/\" target=\"_blank\" rel=\"noopener\">Conservatoire des Races d&rsquo;Aquitaine.<\/a><\/p>\t\t\t\t\t\t\t\t<\/div>\n\t\t\t\t<\/div>\n\t\t\t\t\t<\/div>\n\t\t\t\t<\/div>\n\t\t<div class=\"elementor-element elementor-element-e746634 e-flex e-con-boxed e-con e-parent\" data-id=\"e746634\" data-element_type=\"container\" data-e-type=\"container\">\n\t\t\t\t\t<div class=\"e-con-inner\">\n\t\t\t\t<div class=\"elementor-element elementor-element-4002c97 elementor-widget elementor-widget-image\" data-id=\"4002c97\" data-element_type=\"widget\" data-e-type=\"widget\" data-widget_type=\"image.default\">\n\t\t\t\t<div class=\"elementor-widget-container\">\n\t\t\t\t\t\t\t\t\t\t\t\t<figure class=\"wp-caption\">\n\t\t\t\t\t\t\t\t\t\t<img fetchpriority=\"high\" decoding=\"async\" width=\"950\" height=\"534\" src=\"https:\/\/lainedebordeaux.fr\/wp-content\/uploads\/2023\/11\/P1020353-1024x576.jpg\" class=\"attachment-large size-large wp-image-146\" alt=\"\" srcset=\"https:\/\/lainedebordeaux.fr\/wp-content\/uploads\/2023\/11\/P1020353-1024x576.jpg 1024w, https:\/\/lainedebordeaux.fr\/wp-content\/uploads\/2023\/11\/P1020353-300x169.jpg 300w, https:\/\/lainedebordeaux.fr\/wp-content\/uploads\/2023\/11\/P1020353-768x432.jpg 768w, https:\/\/lainedebordeaux.fr\/wp-content\/uploads\/2023\/11\/P1020353-1536x864.jpg 1536w, https:\/\/lainedebordeaux.fr\/wp-content\/uploads\/2023\/11\/P1020353-2048x1152.jpg 2048w, https:\/\/lainedebordeaux.fr\/wp-content\/uploads\/2023\/11\/P1020353-2000x1125.jpg 2000w\" sizes=\"100vw\" \/>\t\t\t\t\t\t\t\t\t\t\t<figcaption class=\"widget-image-caption wp-caption-text\">Brebis landaise \u00e0 la t\u00eate bigarr\u00e9e (cr\u00e9dit photo Laine de Bordeaux)<\/figcaption>\n\t\t\t\t\t\t\t\t\t\t<\/figure>\n\t\t\t\t\t\t\t\t\t<\/div>\n\t\t\t\t<\/div>\n\t\t\t\t\t<\/div>\n\t\t\t\t<\/div>\n\t\t<div class=\"elementor-element elementor-element-153f118 e-flex e-con-boxed e-con e-parent\" data-id=\"153f118\" data-element_type=\"container\" data-e-type=\"container\">\n\t\t\t\t\t<div class=\"e-con-inner\">\n\t\t\t\t<div class=\"elementor-element elementor-element-645df1e elementor-widget elementor-widget-text-editor\" data-id=\"645df1e\" data-element_type=\"widget\" data-e-type=\"widget\" data-widget_type=\"text-editor.default\">\n\t\t\t\t<div class=\"elementor-widget-container\">\n\t\t\t\t\t\t\t\t\t<p>On d\u00e9nombre environ 2495 brebis \u00e0 ce jour.<\/p><p>La journ\u00e9e du mouton landais avait pour but de faire le point sur les actions du Conservatoire, les outils mis \u00e0 disposition des \u00e9leveurs et sur leurs probl\u00e9matiques, comme la gestation du parasitisme, l&rsquo;\u00e9co-p\u00e2turage, l&rsquo;agropastoralisme et la valorisation de la brebis landaise.<\/p><p>L&rsquo;agropastoralisme s&rsquo;impose de plus en plus en temps que syst\u00e8me de gestion et de r\u00e9silience des vignes, comme le d\u00e9montre le nombre de viticulteurs et vignerons pr\u00e9sents qui ont adopt\u00e9 cette pratique et qui ont vu les retours b\u00e9n\u00e9fiques (fertilisation des sols, limitation des \u00ab\u00a0mauvaises herbes\u00a0\u00bb, labour l\u00e9ger de la terre, biodiversit\u00e9 accrue).<br \/>Cette pratique est \u00e9galement illustr\u00e9e dans les vignobles californiens (<a href=\"https:\/\/fibershed.org\/2023\/08\/22\/revitalizing-ecosystems-and-bottom-lines-innovative-approaches-aim-to-sustain-prescribed-grazing-operations\/\" target=\"_blank\" rel=\"noopener\">pour les anglophones<\/a>), avec de tr\u00e8s bons retours \u00e9galement.<\/p><p>De plus, la pratique de l&rsquo;\u00e9levage extensif et de l&rsquo;\u00e9cop\u00e2turage contribuent \u00e0 une am\u00e9lioration de la qualit\u00e9 des sols et de la biodiversit\u00e9 et permet en outre la limitation de l&rsquo;utilisation de traitements v\u00e9t\u00e9rinaires gr\u00e2ce \u00e0 la rotation des aires de p\u00e2turage, pratique r\u00e9alis\u00e9e par les \u00e9leveurs de brebis landaises. (<a href=\"https:\/\/fibershed.org\/2023\/08\/18\/amazing-graze-at-mccormack-ranch\/\" target=\"_blank\" rel=\"noopener\">illustration en californie<\/a>).<\/p>\t\t\t\t\t\t\t\t<\/div>\n\t\t\t\t<\/div>\n\t\t\t\t\t<\/div>\n\t\t\t\t<\/div>\n\t\t<div class=\"elementor-element elementor-element-f4996c8 e-flex e-con-boxed e-con e-parent\" data-id=\"f4996c8\" data-element_type=\"container\" data-e-type=\"container\">\n\t\t\t\t\t<div class=\"e-con-inner\">\n\t\t\t\t<div class=\"elementor-element elementor-element-a4ab738 elementor-widget elementor-widget-image-gallery\" data-id=\"a4ab738\" data-element_type=\"widget\" data-e-type=\"widget\" data-widget_type=\"image-gallery.default\">\n\t\t\t\t<div class=\"elementor-widget-container\">\n\t\t\t\t\t\t\t<div class=\"elementor-image-gallery\">\n\t\t\t<div id='gallery-1' class='gallery galleryid-138 gallery-columns-2 gallery-size-1536x1536'><figure class='gallery-item'>\n\t\t\t<div class='gallery-icon landscape'>\n\t\t\t\t<a data-elementor-open-lightbox=\"yes\" data-elementor-lightbox-slideshow=\"a4ab738\" data-elementor-lightbox-title=\"P1020345\" data-e-action-hash=\"#elementor-action%3Aaction%3Dlightbox%26settings%3DeyJpZCI6MTQzLCJ1cmwiOiJodHRwczpcL1wvbGFpbmVkZWJvcmRlYXV4LmZyXC93cC1jb250ZW50XC91cGxvYWRzXC8yMDIzXC8xMVwvUDEwMjAzNDUtc2NhbGVkLmpwZyIsInNsaWRlc2hvdyI6ImE0YWI3MzgifQ%3D%3D\" href='https:\/\/lainedebordeaux.fr\/wp-content\/uploads\/2023\/11\/P1020345-scaled.jpg'><img decoding=\"async\" width=\"1536\" height=\"864\" src=\"https:\/\/lainedebordeaux.fr\/wp-content\/uploads\/2023\/11\/P1020345-1536x864.jpg\" class=\"attachment-1536x1536 size-1536x1536\" alt=\"\" aria-describedby=\"gallery-1-143\" srcset=\"https:\/\/lainedebordeaux.fr\/wp-content\/uploads\/2023\/11\/P1020345-1536x864.jpg 1536w, https:\/\/lainedebordeaux.fr\/wp-content\/uploads\/2023\/11\/P1020345-300x169.jpg 300w, https:\/\/lainedebordeaux.fr\/wp-content\/uploads\/2023\/11\/P1020345-1024x576.jpg 1024w, https:\/\/lainedebordeaux.fr\/wp-content\/uploads\/2023\/11\/P1020345-768x432.jpg 768w, https:\/\/lainedebordeaux.fr\/wp-content\/uploads\/2023\/11\/P1020345-2048x1152.jpg 2048w, https:\/\/lainedebordeaux.fr\/wp-content\/uploads\/2023\/11\/P1020345-2000x1125.jpg 2000w\" sizes=\"100vw\" \/><\/a>\n\t\t\t<\/div>\n\t\t\t\t<figcaption class='wp-caption-text gallery-caption' id='gallery-1-143'>\n\t\t\t\tLe vignoble aux brebis (cr\u00e9dit photo Laine de Bordeaux)\n\t\t\t\t<\/figcaption><\/figure><figure class='gallery-item'>\n\t\t\t<div class='gallery-icon landscape'>\n\t\t\t\t<a data-elementor-open-lightbox=\"yes\" data-elementor-lightbox-slideshow=\"a4ab738\" data-elementor-lightbox-title=\"P1020346\" data-e-action-hash=\"#elementor-action%3Aaction%3Dlightbox%26settings%3DeyJpZCI6MTQ0LCJ1cmwiOiJodHRwczpcL1wvbGFpbmVkZWJvcmRlYXV4LmZyXC93cC1jb250ZW50XC91cGxvYWRzXC8yMDIzXC8xMVwvUDEwMjAzNDYtc2NhbGVkLmpwZyIsInNsaWRlc2hvdyI6ImE0YWI3MzgifQ%3D%3D\" href='https:\/\/lainedebordeaux.fr\/wp-content\/uploads\/2023\/11\/P1020346-scaled.jpg'><img decoding=\"async\" width=\"1536\" height=\"988\" src=\"https:\/\/lainedebordeaux.fr\/wp-content\/uploads\/2023\/11\/P1020346-1536x988.jpg\" class=\"attachment-1536x1536 size-1536x1536\" alt=\"\" aria-describedby=\"gallery-1-144\" srcset=\"https:\/\/lainedebordeaux.fr\/wp-content\/uploads\/2023\/11\/P1020346-1536x988.jpg 1536w, https:\/\/lainedebordeaux.fr\/wp-content\/uploads\/2023\/11\/P1020346-300x193.jpg 300w, https:\/\/lainedebordeaux.fr\/wp-content\/uploads\/2023\/11\/P1020346-1024x659.jpg 1024w, https:\/\/lainedebordeaux.fr\/wp-content\/uploads\/2023\/11\/P1020346-768x494.jpg 768w, https:\/\/lainedebordeaux.fr\/wp-content\/uploads\/2023\/11\/P1020346-2048x1317.jpg 2048w, https:\/\/lainedebordeaux.fr\/wp-content\/uploads\/2023\/11\/P1020346-2000x1286.jpg 2000w\" sizes=\"100vw\" \/><\/a>\n\t\t\t<\/div>\n\t\t\t\t<figcaption class='wp-caption-text gallery-caption' id='gallery-1-144'>\n\t\t\t\tBrebis en libert\u00e9 dans les vignes (cr\u00e9dit photo Laine de Bordeaux)\n\t\t\t\t<\/figcaption><\/figure>\n\t\t<\/div>\n\t\t<\/div>\n\t\t\t\t\t\t<\/div>\n\t\t\t\t<\/div>\n\t\t\t\t\t<\/div>\n\t\t\t\t<\/div>\n\t\t<div class=\"elementor-element elementor-element-78b80a0 e-flex e-con-boxed e-con e-parent\" data-id=\"78b80a0\" data-element_type=\"container\" data-e-type=\"container\">\n\t\t\t\t\t<div class=\"e-con-inner\">\n\t\t\t\t\t<\/div>\n\t\t\t\t<\/div>\n\t\t<div class=\"elementor-element elementor-element-afd6296 e-flex e-con-boxed e-con e-parent\" data-id=\"afd6296\" data-element_type=\"container\" data-e-type=\"container\">\n\t\t\t\t\t<div class=\"e-con-inner\">\n\t\t\t\t<div class=\"elementor-element elementor-element-be2b584 elementor-widget elementor-widget-text-editor\" data-id=\"be2b584\" data-element_type=\"widget\" data-e-type=\"widget\" data-widget_type=\"text-editor.default\">\n\t\t\t\t<div class=\"elementor-widget-container\">\n\t\t\t\t\t\t\t\t\t<p>Je tenais \u00e0 remercier le Conservatoire des Races\u00a0 d&rsquo;Aquitaine de m&rsquo;avoir permis d&rsquo;assister \u00e0 cette journ\u00e9e, qui f\u00fbt instructive, Monsieur FERRAN pour nous avoir accueilli sur son domaine.<\/p><p>Je remercie \u00e9galement les \u00e9leveurs pour leur accueil et leur curiosit\u00e9 sur la transformation de la laine.<\/p><p>Je vous laisse en compagnie de ces magnifiques brebis aux couleurs uniques.<\/p>\t\t\t\t\t\t\t\t<\/div>\n\t\t\t\t<\/div>\n\t\t\t\t\t<\/div>\n\t\t\t\t<\/div>\n\t\t<div class=\"elementor-element elementor-element-dd88749 e-flex e-con-boxed e-con e-parent\" data-id=\"dd88749\" data-element_type=\"container\" data-e-type=\"container\">\n\t\t\t\t\t<div class=\"e-con-inner\">\n\t\t\t\t<div class=\"elementor-element elementor-element-33fec12 elementor-widget elementor-widget-image\" data-id=\"33fec12\" data-element_type=\"widget\" data-e-type=\"widget\" data-widget_type=\"image.default\">\n\t\t\t\t<div class=\"elementor-widget-container\">\n\t\t\t\t\t\t\t\t\t\t\t\t<figure class=\"wp-caption\">\n\t\t\t\t\t\t\t\t\t\t<img loading=\"lazy\" decoding=\"async\" width=\"950\" height=\"534\" src=\"https:\/\/lainedebordeaux.fr\/wp-content\/uploads\/2023\/11\/P1020369-1024x576.jpg\" class=\"attachment-large size-large wp-image-148\" alt=\"\" srcset=\"https:\/\/lainedebordeaux.fr\/wp-content\/uploads\/2023\/11\/P1020369-1024x576.jpg 1024w, https:\/\/lainedebordeaux.fr\/wp-content\/uploads\/2023\/11\/P1020369-300x169.jpg 300w, https:\/\/lainedebordeaux.fr\/wp-content\/uploads\/2023\/11\/P1020369-768x432.jpg 768w, https:\/\/lainedebordeaux.fr\/wp-content\/uploads\/2023\/11\/P1020369-1536x864.jpg 1536w, https:\/\/lainedebordeaux.fr\/wp-content\/uploads\/2023\/11\/P1020369-2048x1152.jpg 2048w, https:\/\/lainedebordeaux.fr\/wp-content\/uploads\/2023\/11\/P1020369-2000x1125.jpg 2000w\" sizes=\"100vw\" \/>\t\t\t\t\t\t\t\t\t\t\t<figcaption class=\"widget-image-caption wp-caption-text\">Brebis landaise (cr\u00e9dit photo Laine de Bordeaux)<\/figcaption>\n\t\t\t\t\t\t\t\t\t\t<\/figure>\n\t\t\t\t\t\t\t\t\t<\/div>\n\t\t\t\t<\/div>\n\t\t\t\t\t<\/div>\n\t\t\t\t<\/div>\n\t\t<div class=\"elementor-element elementor-element-c758e99 e-flex e-con-boxed e-con e-parent\" data-id=\"c758e99\" data-element_type=\"container\" data-e-type=\"container\">\n\t\t\t\t\t<div class=\"e-con-inner\">\n\t\t\t\t<div class=\"elementor-element elementor-element-7a14099 elementor-arrows-position-inside elementor-pagination-position-outside elementor-widget elementor-widget-image-carousel\" data-id=\"7a14099\" data-element_type=\"widget\" data-e-type=\"widget\" data-settings=\"{&quot;navigation&quot;:&quot;both&quot;,&quot;autoplay&quot;:&quot;yes&quot;,&quot;pause_on_hover&quot;:&quot;yes&quot;,&quot;pause_on_interaction&quot;:&quot;yes&quot;,&quot;autoplay_speed&quot;:5000,&quot;infinite&quot;:&quot;yes&quot;,&quot;speed&quot;:500}\" data-widget_type=\"image-carousel.default\">\n\t\t\t\t<div class=\"elementor-widget-container\">\n\t\t\t\t\t\t\t<div class=\"elementor-image-carousel-wrapper swiper\" role=\"region\" aria-roledescription=\"carousel\" aria-label=\"Carrousel d\u2019images\" dir=\"ltr\">\n\t\t\t<div class=\"elementor-image-carousel swiper-wrapper\" aria-live=\"off\">\n\t\t\t\t\t\t\t\t<div class=\"swiper-slide\" role=\"group\" aria-roledescription=\"slide\" aria-label=\"1 sur 4\"><a data-elementor-open-lightbox=\"yes\" data-elementor-lightbox-slideshow=\"7a14099\" data-elementor-lightbox-title=\"P1020353\" data-e-action-hash=\"#elementor-action%3Aaction%3Dlightbox%26settings%3DeyJpZCI6MTQ2LCJ1cmwiOiJodHRwczpcL1wvbGFpbmVkZWJvcmRlYXV4LmZyXC93cC1jb250ZW50XC91cGxvYWRzXC8yMDIzXC8xMVwvUDEwMjAzNTMtc2NhbGVkLmpwZyIsInNsaWRlc2hvdyI6IjdhMTQwOTkifQ%3D%3D\" href=\"https:\/\/lainedebordeaux.fr\/wp-content\/uploads\/2023\/11\/P1020353-scaled.jpg\"><figure class=\"swiper-slide-inner\"><img decoding=\"async\" class=\"swiper-slide-image\" src=\"https:\/\/lainedebordeaux.fr\/wp-content\/uploads\/2023\/11\/P1020353-2048x1152.jpg\" alt=\"brebis landaise\" \/><figcaption class=\"elementor-image-carousel-caption\">brebis landaise<\/figcaption><\/figure><\/a><\/div><div class=\"swiper-slide\" role=\"group\" aria-roledescription=\"slide\" aria-label=\"2 sur 4\"><a data-elementor-open-lightbox=\"yes\" data-elementor-lightbox-slideshow=\"7a14099\" data-elementor-lightbox-title=\"P1020352\" data-e-action-hash=\"#elementor-action%3Aaction%3Dlightbox%26settings%3DeyJpZCI6MTQ1LCJ1cmwiOiJodHRwczpcL1wvbGFpbmVkZWJvcmRlYXV4LmZyXC93cC1jb250ZW50XC91cGxvYWRzXC8yMDIzXC8xMVwvUDEwMjAzNTItc2NhbGVkLmpwZyIsInNsaWRlc2hvdyI6IjdhMTQwOTkifQ%3D%3D\" href=\"https:\/\/lainedebordeaux.fr\/wp-content\/uploads\/2023\/11\/P1020352-scaled.jpg\"><figure class=\"swiper-slide-inner\"><img decoding=\"async\" class=\"swiper-slide-image\" src=\"https:\/\/lainedebordeaux.fr\/wp-content\/uploads\/2023\/11\/P1020352-2048x1152.jpg\" alt=\"troupeau de brebis landaises\" \/><figcaption class=\"elementor-image-carousel-caption\">troupeau de brebis landaises<\/figcaption><\/figure><\/a><\/div><div class=\"swiper-slide\" role=\"group\" aria-roledescription=\"slide\" aria-label=\"3 sur 4\"><a data-elementor-open-lightbox=\"yes\" data-elementor-lightbox-slideshow=\"7a14099\" data-elementor-lightbox-title=\"P1020354\" data-e-action-hash=\"#elementor-action%3Aaction%3Dlightbox%26settings%3DeyJpZCI6MTQ3LCJ1cmwiOiJodHRwczpcL1wvbGFpbmVkZWJvcmRlYXV4LmZyXC93cC1jb250ZW50XC91cGxvYWRzXC8yMDIzXC8xMVwvUDEwMjAzNTQtc2NhbGVkLmpwZyIsInNsaWRlc2hvdyI6IjdhMTQwOTkifQ%3D%3D\" href=\"https:\/\/lainedebordeaux.fr\/wp-content\/uploads\/2023\/11\/P1020354-scaled.jpg\"><figure class=\"swiper-slide-inner\"><img decoding=\"async\" class=\"swiper-slide-image\" src=\"https:\/\/lainedebordeaux.fr\/wp-content\/uploads\/2023\/11\/P1020354-2048x1152.jpg\" alt=\"brebis \u00e0 t\u00eate bigarr\u00e9e\" \/><figcaption class=\"elementor-image-carousel-caption\">brebis \u00e0 t\u00eate bigarr\u00e9e<\/figcaption><\/figure><\/a><\/div><div class=\"swiper-slide\" role=\"group\" aria-roledescription=\"slide\" aria-label=\"4 sur 4\"><a data-elementor-open-lightbox=\"yes\" data-elementor-lightbox-slideshow=\"7a14099\" data-elementor-lightbox-title=\"P1020373\" data-e-action-hash=\"#elementor-action%3Aaction%3Dlightbox%26settings%3DeyJpZCI6MTQ5LCJ1cmwiOiJodHRwczpcL1wvbGFpbmVkZWJvcmRlYXV4LmZyXC93cC1jb250ZW50XC91cGxvYWRzXC8yMDIzXC8xMVwvUDEwMjAzNzMtc2NhbGVkLmpwZyIsInNsaWRlc2hvdyI6IjdhMTQwOTkifQ%3D%3D\" href=\"https:\/\/lainedebordeaux.fr\/wp-content\/uploads\/2023\/11\/P1020373-scaled.jpg\"><figure class=\"swiper-slide-inner\"><img decoding=\"async\" class=\"swiper-slide-image\" src=\"https:\/\/lainedebordeaux.fr\/wp-content\/uploads\/2023\/11\/P1020373-2048x1152.jpg\" alt=\"robe en d\u00e9grad\u00e9\" \/><figcaption class=\"elementor-image-carousel-caption\">robe en d\u00e9grad\u00e9<\/figcaption><\/figure><\/a><\/div>\t\t\t<\/div>\n\t\t\t\t\t\t\t\t\t\t\t\t<div class=\"elementor-swiper-button elementor-swiper-button-prev\" role=\"button\" tabindex=\"0\">\n\t\t\t\t\t\t<i aria-hidden=\"true\" class=\"eicon-chevron-left\"><\/i>\t\t\t\t\t<\/div>\n\t\t\t\t\t<div class=\"elementor-swiper-button elementor-swiper-button-next\" role=\"button\" tabindex=\"0\">\n\t\t\t\t\t\t<i aria-hidden=\"true\" class=\"eicon-chevron-right\"><\/i>\t\t\t\t\t<\/div>\n\t\t\t\t\n\t\t\t\t\t\t\t\t\t<div class=\"swiper-pagination\"><\/div>\n\t\t\t\t\t\t\t\t\t<\/div>\n\t\t\t\t\t\t<\/div>\n\t\t\t\t<\/div>\n\t\t\t\t\t<\/div>\n\t\t\t\t<\/div>\n\t\t\t\t<\/div>\n\t\t","protected":false},"excerpt":{"rendered":"<p>Aujourd&rsquo;hui \u00e9tait \u00e0 l&rsquo;honneur la brebis landaise, une race ancienne et rustique de la r\u00e9gion Nouvelle-Aquitaine, qui b\u00e9n\u00e9ficie d&rsquo;un programme de conservation par l&rsquo;interm\u00e9diaire du Conservatoire des Races d&rsquo;Aquitaine. Brebis &hellip; <\/p>\n<p class=\"link-more\"><a href=\"https:\/\/lainedebordeaux.fr\/index.php\/2023\/11\/18\/rencontre-avec-les-eleveurs-de-brebis-landaises\/\" class=\"more-link\">Lire la suite de<span class=\"screen-reader-text\">\u00ab\u00a0Rencontre avec les \u00e9leveurs de brebis landaises\u00a0\u00bb<\/span><\/a><\/p>\n","protected":false},"author":1,"featured_media":144,"comment_status":"open","ping_status":"open","sticky":false,"template":"","format":"standard","meta":{"footnotes":""},"categories":[1],"tags":[],"class_list":["post-138","post","type-post","status-publish","format-standard","has-post-thumbnail","hentry","category-blog"],"_links":{"self":[{"href":"https:\/\/lainedebordeaux.fr\/index.php\/wp-json\/wp\/v2\/posts\/138","targetHints":{"allow":["GET"]}}],"collection":[{"href":"https:\/\/lainedebordeaux.fr\/index.php\/wp-json\/wp\/v2\/posts"}],"about":[{"href":"https:\/\/lainedebordeaux.fr\/index.php\/wp-json\/wp\/v2\/types\/post"}],"author":[{"embeddable":true,"href":"https:\/\/lainedebordeaux.fr\/index.php\/wp-json\/wp\/v2\/users\/1"}],"replies":[{"embeddable":true,"href":"https:\/\/lainedebordeaux.fr\/index.php\/wp-json\/wp\/v2\/comments?post=138"}],"version-history":[{"count":25,"href":"https:\/\/lainedebordeaux.fr\/index.php\/wp-json\/wp\/v2\/posts\/138\/revisions"}],"predecessor-version":[{"id":390,"href":"https:\/\/lainedebordeaux.fr\/index.php\/wp-json\/wp\/v2\/posts\/138\/revisions\/390"}],"wp:featuredmedia":[{"embeddable":true,"href":"https:\/\/lainedebordeaux.fr\/index.php\/wp-json\/wp\/v2\/media\/144"}],"wp:attachment":[{"href":"https:\/\/lainedebordeaux.fr\/index.php\/wp-json\/wp\/v2\/media?parent=138"}],"wp:term":[{"taxonomy":"category","embeddable":true,"href":"https:\/\/lainedebordeaux.fr\/index.php\/wp-json\/wp\/v2\/categories?post=138"},{"taxonomy":"post_tag","embeddable":true,"href":"https:\/\/lainedebordeaux.fr\/index.php\/wp-json\/wp\/v2\/tags?post=138"}],"curies":[{"name":"wp","href":"https:\/\/api.w.org\/{rel}","templated":true}]}}